{"id":94457,"date":"2025-02-08T00:28:14","date_gmt":"2025-02-08T00:28:14","guid":{"rendered":"http:\/\/mppee.gob.ve\/?p=94457"},"modified":"2025-02-08T00:36:52","modified_gmt":"2025-02-08T00:36:52","slug":"proyecto-de-electrificacion-beneficiara-a-2-230-familias-en-lara","status":"publish","type":"post","link":"https:\/\/mppee.gob.ve\/?p=94457","title":{"rendered":"Proyecto de electrificaci\u00f3n beneficiar\u00e1 a 2.230 familias en Lara"},"content":{"rendered":"\n<p><strong>Estado Lara.- <\/strong>Desde la Comuna Ciudad Bendita en la parroquia Ana Soto del estado Lara, las lideresas comunales agradecieron la ejecuci\u00f3n del 50% del proyecto de electrificaci\u00f3n que beneficiar\u00e1 a unas 2.230 familias de la zona.<\/p>\n\n\n\n<p>La ejecuci\u00f3n de este proyecto se realiza por la aprobaci\u00f3n de esta iniciativa a trav\u00e9s de la Consulta Popular Nacional 2025.<\/p>\n\n\n\n<p>La vocera Carolina Carrasco, agradeci\u00f3 al presidente de la Rep\u00fablica, Nicol\u00e1s Maduro, por seguir al frente del proyecto revolucionario y continuar d\u00e1ndole poder al pueblo.<\/p>\n\n\n\n<p>\u201cNosotros vimos la esperanza, vimos la gloria en estos proyectos de consulta, gracias a Dios primeramente y a usted Presidente con la primera, la segunda y la tercera consulta, este pueblo que usted ve aqu\u00ed volvi\u00f3 a nacer, volvi\u00f3 a creer\u201d, se\u00f1al\u00f3 Carrasco.<\/p>\n\n\n\n<p>En este contexto, solicit\u00f3 al Mandatario nacional que se les apruebe la segunda parte del proyecto para consolidar el servicio el\u00e9ctrico en los hogares y en otras instalaciones de este sector.<\/p>\n\n\n\n<p>Para dar fiel cumplimiento a este mandato popular, el Dignatario solicit\u00f3 al vicepresidente sectorial de Obras P\u00fablicas y Servicios y ministro del Poder Popular para la Energ\u00eda El\u00e9ctrica, Jorge M\u00e1rquez, que se encargara personalmente, conjuntamente con otras autoridades competentes en el \u00e1rea de servicios y vivienda, de atender los requerimientos de esta comunidad.<\/p>\n\n\n\n<p>La informaci\u00f3n la dio a conocer el presidente Maduro, durante la instalaci\u00f3n de la Sala Nacional de Autogobierno Popular, un espacio dispuesto para atender las demandas emanadas desde los circuitos comunales de todo el pa\u00eds.<\/p>\n\n\n\n<p><strong>Prensa MPPEE-Corpoelec \/ Mar\u00eda Mercedes Noguera<\/strong><\/p>\n\n\n\n<p><\/p>\n","protected":false},"excerpt":{"rendered":"<p>Estado Lara.- Desde la Comuna Ciudad Bendita en la parroquia Ana Soto del estado Lara, las lideresas comunales agradecieron la<\/p>\n","protected":false},"author":24,"featured_media":94463,"comment_status":"closed","ping_status":"closed","sticky":false,"template":"","format":"standard","meta":{"footnotes":""},"categories":[1,30],"tags":[2826,2690],"class_list":["post-94457","post","type-post","status-publish","format-standard","has-post-thumbnail","hentry","category-mppee","category-regionales","tag-consulta-popular-nacional","tag-lara"],"_links":{"self":[{"href":"https:\/\/mppee.gob.ve\/index.php?rest_route=\/wp\/v2\/posts\/94457","targetHints":{"allow":["GET"]}}],"collection":[{"href":"https:\/\/mppee.gob.ve\/index.php?rest_route=\/wp\/v2\/posts"}],"about":[{"href":"https:\/\/mppee.gob.ve\/index.php?rest_route=\/wp\/v2\/types\/post"}],"author":[{"embeddable":true,"href":"https:\/\/mppee.gob.ve\/index.php?rest_route=\/wp\/v2\/users\/24"}],"replies":[{"embeddable":true,"href":"https:\/\/mppee.gob.ve\/index.php?rest_route=%2Fwp%2Fv2%2Fcomments&post=94457"}],"version-history":[{"count":1,"href":"https:\/\/mppee.gob.ve\/index.php?rest_route=\/wp\/v2\/posts\/94457\/revisions"}],"predecessor-version":[{"id":94459,"href":"https:\/\/mppee.gob.ve\/index.php?rest_route=\/wp\/v2\/posts\/94457\/revisions\/94459"}],"wp:featuredmedia":[{"embeddable":true,"href":"https:\/\/mppee.gob.ve\/index.php?rest_route=\/wp\/v2\/media\/94463"}],"wp:attachment":[{"href":"https:\/\/mppee.gob.ve\/index.php?rest_route=%2Fwp%2Fv2%2Fmedia&parent=94457"}],"wp:term":[{"taxonomy":"category","embeddable":true,"href":"https:\/\/mppee.gob.ve\/index.php?rest_route=%2Fwp%2Fv2%2Fcategories&post=94457"},{"taxonomy":"post_tag","embeddable":true,"href":"https:\/\/mppee.gob.ve\/index.php?rest_route=%2Fwp%2Fv2%2Ftags&post=94457"}],"curies":[{"name":"wp","href":"https:\/\/api.w.org\/{rel}","templated":true}]}}