{"id":94475,"date":"2025-02-08T19:35:54","date_gmt":"2025-02-08T19:35:54","guid":{"rendered":"http:\/\/mppee.gob.ve\/?p=94475"},"modified":"2025-02-08T19:35:56","modified_gmt":"2025-02-08T19:35:56","slug":"corpoelec-realizara-labores-preventivas-en-la-linea-115-kv-de-la-subestacion-cocuy","status":"publish","type":"post","link":"https:\/\/mppee.gob.ve\/?p=94475","title":{"rendered":"Corpoelec realizar\u00e1 labores preventivas en la l\u00ednea 115 kV de la subestaci\u00f3n Cocuy"},"content":{"rendered":"\n<p><strong>Estado Bol\u00edvar.- <\/strong>Este domingo, 9 de febrero, trabajadores de la Corporaci\u00f3n El\u00e9ctrica Nacional (Corpoelec) afectuar\u00e1n mantenimientos y acometidas preventivas en la l\u00ednea Caron\u00ed &#8211; Oeste Aeropuerto Cocuy a 115 kV.<\/p>\n\n\n\n<p>Las maniobras iniciar\u00e1n desde las 6:00 hasta la 9:00 de la ma\u00f1ana, de acuerdo al tiempo estipulado para la ejecuci\u00f3n de los trabajos que beneficiar\u00e1n a m\u00e1s de 20 mil habitantes de la parroquia Unare del municipio Caron\u00ed.<\/p>\n\n\n\n<p>Dentro de las labores planificadas se llevar\u00e1 a cabo el despeje de vegetaci\u00f3n cercana a las l\u00edneas el\u00e9ctricas, sustituci\u00f3n de conductores, as\u00ed como la reubicaci\u00f3n de un banco de transformadores, en atenci\u00f3n a los resportes generados a trav\u00e9s de la VenApp, L\u00ednea 58 del Sistema 1 x 10 del Buen Gobierno.<\/p>\n\n\n\n<p>Los trabajos generar\u00e1n mejoras en la red de distribuci\u00f3n en la urbanizaci\u00f3n Gran Sabana, Las Casitas del Core 8, Villa Betania, Riberas del Caron\u00ed, UD 323, Core 8, San Jos\u00e9 de Bongo, Las Amazonas, Riberas de Caruachi, UD 338, Las Amazonas, Las Teodokildas, Sarajevo y sus adyacencias.<\/p>\n\n\n\n<p>As\u00ed como en los caser\u00edos: San Jacinto, Chirere, Palmarito, Las Galderas, El Rosario, Pueblo Nuevo, Angosturita y en las zonas industriales 321 y Los Pinos.<\/p>\n\n\n\n<p>Cabe destacar que, estas labores buscan garantizar la calidad y confiabilidad del suministro el\u00e9ctrico para el buen vivir de los habitantes de estos sectores. <\/p>\n\n\n\n<p><strong>Prensa MPPEE-Corpoelec <\/strong><\/p>\n","protected":false},"excerpt":{"rendered":"<p>Estado Bol\u00edvar.- Este domingo, 9 de febrero, trabajadores de la Corporaci\u00f3n El\u00e9ctrica Nacional (Corpoelec) afectuar\u00e1n mantenimientos y acometidas preventivas en<\/p>\n","protected":false},"author":24,"featured_media":94476,"comment_status":"closed","ping_status":"closed","sticky":false,"template":"","format":"standard","meta":{"footnotes":""},"categories":[1,30,7],"tags":[2723,2691,11,2744,46],"class_list":["post-94475","post","type-post","status-publish","format-standard","has-post-thumbnail","hentry","category-mppee","category-regionales","category-sen","tag-bolivar","tag-corpoelec","tag-mppee","tag-sen","tag-venezuela"],"_links":{"self":[{"href":"https:\/\/mppee.gob.ve\/index.php?rest_route=\/wp\/v2\/posts\/94475","targetHints":{"allow":["GET"]}}],"collection":[{"href":"https:\/\/mppee.gob.ve\/index.php?rest_route=\/wp\/v2\/posts"}],"about":[{"href":"https:\/\/mppee.gob.ve\/index.php?rest_route=\/wp\/v2\/types\/post"}],"author":[{"embeddable":true,"href":"https:\/\/mppee.gob.ve\/index.php?rest_route=\/wp\/v2\/users\/24"}],"replies":[{"embeddable":true,"href":"https:\/\/mppee.gob.ve\/index.php?rest_route=%2Fwp%2Fv2%2Fcomments&post=94475"}],"version-history":[{"count":1,"href":"https:\/\/mppee.gob.ve\/index.php?rest_route=\/wp\/v2\/posts\/94475\/revisions"}],"predecessor-version":[{"id":94477,"href":"https:\/\/mppee.gob.ve\/index.php?rest_route=\/wp\/v2\/posts\/94475\/revisions\/94477"}],"wp:featuredmedia":[{"embeddable":true,"href":"https:\/\/mppee.gob.ve\/index.php?rest_route=\/wp\/v2\/media\/94476"}],"wp:attachment":[{"href":"https:\/\/mppee.gob.ve\/index.php?rest_route=%2Fwp%2Fv2%2Fmedia&parent=94475"}],"wp:term":[{"taxonomy":"category","embeddable":true,"href":"https:\/\/mppee.gob.ve\/index.php?rest_route=%2Fwp%2Fv2%2Fcategories&post=94475"},{"taxonomy":"post_tag","embeddable":true,"href":"https:\/\/mppee.gob.ve\/index.php?rest_route=%2Fwp%2Fv2%2Ftags&post=94475"}],"curies":[{"name":"wp","href":"https:\/\/api.w.org\/{rel}","templated":true}]}}