{"id":94586,"date":"2025-02-12T18:49:11","date_gmt":"2025-02-12T18:49:11","guid":{"rendered":"http:\/\/mppee.gob.ve\/?p=94586"},"modified":"2025-02-12T18:49:13","modified_gmt":"2025-02-12T18:49:13","slug":"usuarios-comerciales-y-residenciales-de-punta-cardon-seran-atendidos-en-jornada-integral","status":"publish","type":"post","link":"https:\/\/mppee.gob.ve\/?p=94586","title":{"rendered":"Usuarios comerciales y residenciales de Punta Card\u00f3n ser\u00e1n atendidos en jornada integral"},"content":{"rendered":"\n<p><strong>Estado Falc\u00f3n.- <\/strong>Desde este jueves 13 hasta el 15 de febrero, la clase trabajadora de la Corporaci\u00f3n El\u00e9ctrica Nacional (Corpoelec), realizar\u00e1 jornadas de atenci\u00f3n en la parroquia Punta Card\u00f3n del municipio Carirubana, dirigidas a usuarios residenciales y comerciales.<\/p>\n\n\n\n<p>Las jornadas se realizar\u00e1n en la comunidad de Balcones I y Maraquiva a partir de las 9 de la ma\u00f1ana hasta las 12 del mediod\u00eda, donde los usuarios tendr\u00e1n la oportunidad de actualizar datos, recibir notificaci\u00f3n de deudas, pago de factura, Banca en L\u00ednea y captaci\u00f3n de nuevos usuarios para el servicio.<\/p>\n\n\n\n<p>Igualmente, el personal del Centro Integral de Atenci\u00f3n al Usuario (CIAU), ubicado en Punta Card\u00f3n, brindar\u00e1n informaci\u00f3n y asesor\u00eda a usuarios comerciales sobre los procesos del servicio de electricidad.<\/p>\n\n\n\n<p>Para mayor informaci\u00f3n sobre las Jornadas Integrales de Atenci\u00f3n al Usuario, puede visitar la cuenta oficial de la red social de Instagram @corpoelecinfo.<\/p>\n\n\n\n<p><strong>Prensa MPPEE-Corpoelec<\/strong><\/p>\n","protected":false},"excerpt":{"rendered":"<p>Estado Falc\u00f3n.- Desde este jueves 13 hasta el 15 de febrero, la clase trabajadora de la Corporaci\u00f3n El\u00e9ctrica Nacional (Corpoelec),<\/p>\n","protected":false},"author":24,"featured_media":93747,"comment_status":"closed","ping_status":"closed","sticky":false,"template":"","format":"standard","meta":{"footnotes":""},"categories":[1,30],"tags":[2691,2695,11,2744,46],"class_list":["post-94586","post","type-post","status-publish","format-standard","has-post-thumbnail","hentry","category-mppee","category-regionales","tag-corpoelec","tag-falcon","tag-mppee","tag-sen","tag-venezuela"],"_links":{"self":[{"href":"https:\/\/mppee.gob.ve\/index.php?rest_route=\/wp\/v2\/posts\/94586","targetHints":{"allow":["GET"]}}],"collection":[{"href":"https:\/\/mppee.gob.ve\/index.php?rest_route=\/wp\/v2\/posts"}],"about":[{"href":"https:\/\/mppee.gob.ve\/index.php?rest_route=\/wp\/v2\/types\/post"}],"author":[{"embeddable":true,"href":"https:\/\/mppee.gob.ve\/index.php?rest_route=\/wp\/v2\/users\/24"}],"replies":[{"embeddable":true,"href":"https:\/\/mppee.gob.ve\/index.php?rest_route=%2Fwp%2Fv2%2Fcomments&post=94586"}],"version-history":[{"count":1,"href":"https:\/\/mppee.gob.ve\/index.php?rest_route=\/wp\/v2\/posts\/94586\/revisions"}],"predecessor-version":[{"id":94587,"href":"https:\/\/mppee.gob.ve\/index.php?rest_route=\/wp\/v2\/posts\/94586\/revisions\/94587"}],"wp:featuredmedia":[{"embeddable":true,"href":"https:\/\/mppee.gob.ve\/index.php?rest_route=\/wp\/v2\/media\/93747"}],"wp:attachment":[{"href":"https:\/\/mppee.gob.ve\/index.php?rest_route=%2Fwp%2Fv2%2Fmedia&parent=94586"}],"wp:term":[{"taxonomy":"category","embeddable":true,"href":"https:\/\/mppee.gob.ve\/index.php?rest_route=%2Fwp%2Fv2%2Fcategories&post=94586"},{"taxonomy":"post_tag","embeddable":true,"href":"https:\/\/mppee.gob.ve\/index.php?rest_route=%2Fwp%2Fv2%2Ftags&post=94586"}],"curies":[{"name":"wp","href":"https:\/\/api.w.org\/{rel}","templated":true}]}}