{"id":94637,"date":"2025-02-14T15:26:30","date_gmt":"2025-02-14T15:26:30","guid":{"rendered":"http:\/\/mppee.gob.ve\/?p=94637"},"modified":"2025-02-14T15:26:32","modified_gmt":"2025-02-14T15:26:32","slug":"despliegan-jornada-integral-a-usuarios-comerciales-y-residenciales-de-trujillo","status":"publish","type":"post","link":"https:\/\/mppee.gob.ve\/?p=94637","title":{"rendered":"Despliegan jornada integral a usuarios comerciales y residenciales de Trujillo"},"content":{"rendered":"\n<p><strong>Estado Trujillo.- <\/strong>La clase trabajadora de la Corporaci\u00f3n El\u00e9ctrica Nacional (Corpoelec), adscritos a la Gerencia de Comercializaci\u00f3n Trujillo, se desplegar\u00e1 este s\u00e1bado 15 de febrero en distintas localidades del estado Trujillo.<\/p>\n\n\n\n<p>Durante las Jornadas Integrales de Atenci\u00f3n al Usuario, los ciudadanos podr\u00e1n realizar el pago oportuno de facturas del servicio el\u00e9ctrico, recibir asesor\u00eda personalizada, actualizaci\u00f3n de datos y atenci\u00f3n a inquietudes comerciales.<\/p>\n\n\n\n<p>Los agentes comerciales estar\u00e1n en las siguientes localidades:<\/p>\n\n\n\n<p>&#8211; Sectores San Miguel, Jarillo, Las Traves\u00edas y Burbusay del municipio Bocon\u00f3.<\/p>\n\n\n\n<p>&#8211; Sectores El Cedro, Agua Clara, Los Potreros y el Casco Central del municipio Rafael Rangel.<\/p>\n\n\n\n<p>&#8211; Sectores El Lim\u00f3n, La Horqueta, Campo Alegre, La Cabecera, Las Mesetas, La Hoyada y Sabana de Cuba del municipio San Rafael de Carvajal.<\/p>\n\n\n\n<p>La clase trabajadora se encontrar\u00e1 desde las 09:00 de la ma\u00f1ana hasta las 03:00 de la tarde.<\/p>\n\n\n\n<p>Para mayor informaci\u00f3n sobre las Jornadas Integrales de Atenci\u00f3n al Usuario, puede visitar la cuenta @corpoelecinfo en la red social Instagram.<\/p>\n\n\n\n<p><strong>Prensa MPPEE-Corpoelec<\/strong><\/p>\n","protected":false},"excerpt":{"rendered":"<p>Estado Trujillo.- La clase trabajadora de la Corporaci\u00f3n El\u00e9ctrica Nacional (Corpoelec), adscritos a la Gerencia de Comercializaci\u00f3n Trujillo, se desplegar\u00e1<\/p>\n","protected":false},"author":24,"featured_media":93364,"comment_status":"closed","ping_status":"closed","sticky":false,"template":"","format":"standard","meta":{"footnotes":""},"categories":[1,30],"tags":[2691,11,2744,2702,46],"class_list":["post-94637","post","type-post","status-publish","format-standard","has-post-thumbnail","hentry","category-mppee","category-regionales","tag-corpoelec","tag-mppee","tag-sen","tag-trujillo","tag-venezuela"],"_links":{"self":[{"href":"https:\/\/mppee.gob.ve\/index.php?rest_route=\/wp\/v2\/posts\/94637","targetHints":{"allow":["GET"]}}],"collection":[{"href":"https:\/\/mppee.gob.ve\/index.php?rest_route=\/wp\/v2\/posts"}],"about":[{"href":"https:\/\/mppee.gob.ve\/index.php?rest_route=\/wp\/v2\/types\/post"}],"author":[{"embeddable":true,"href":"https:\/\/mppee.gob.ve\/index.php?rest_route=\/wp\/v2\/users\/24"}],"replies":[{"embeddable":true,"href":"https:\/\/mppee.gob.ve\/index.php?rest_route=%2Fwp%2Fv2%2Fcomments&post=94637"}],"version-history":[{"count":1,"href":"https:\/\/mppee.gob.ve\/index.php?rest_route=\/wp\/v2\/posts\/94637\/revisions"}],"predecessor-version":[{"id":94638,"href":"https:\/\/mppee.gob.ve\/index.php?rest_route=\/wp\/v2\/posts\/94637\/revisions\/94638"}],"wp:featuredmedia":[{"embeddable":true,"href":"https:\/\/mppee.gob.ve\/index.php?rest_route=\/wp\/v2\/media\/93364"}],"wp:attachment":[{"href":"https:\/\/mppee.gob.ve\/index.php?rest_route=%2Fwp%2Fv2%2Fmedia&parent=94637"}],"wp:term":[{"taxonomy":"category","embeddable":true,"href":"https:\/\/mppee.gob.ve\/index.php?rest_route=%2Fwp%2Fv2%2Fcategories&post=94637"},{"taxonomy":"post_tag","embeddable":true,"href":"https:\/\/mppee.gob.ve\/index.php?rest_route=%2Fwp%2Fv2%2Ftags&post=94637"}],"curies":[{"name":"wp","href":"https:\/\/api.w.org\/{rel}","templated":true}]}}