{"id":94649,"date":"2025-02-14T17:46:07","date_gmt":"2025-02-14T17:46:07","guid":{"rendered":"http:\/\/mppee.gob.ve\/?p=94649"},"modified":"2025-02-14T17:46:08","modified_gmt":"2025-02-14T17:46:08","slug":"jornadas-integrales-beneficiaran-a-usuarios-apurenos","status":"publish","type":"post","link":"https:\/\/mppee.gob.ve\/?p=94649","title":{"rendered":"Jornadas integrales beneficiar\u00e1n a usuarios apure\u00f1os"},"content":{"rendered":"\n<p><strong>Estado Apure.- <\/strong>Trabajadores adscritos a la Gerencia de Comercializaci\u00f3n de la Corporaci\u00f3n El\u00e9ctrica Nacional (Corpoelec) realizar\u00e1n este s\u00e1bado 15 de febrero, jornadas integrales que atender\u00e1n a usuarios residenciales en el estado Apure.<\/p>\n\n\n\n<p>Los stands estar\u00e1n disponibles desde las 08:00 de la ma\u00f1ana hasta las 02:00 de la tarde, para brindar a los usuarios la comodidad de pagar sus facturas, actualizar datos y recibir asistencia personalizada en tr\u00e1mites relacionados al servicio de energ\u00eda.<\/p>\n\n\n\n<p>El personal de Corpoelec estar\u00e1 ubicado en los municipios:&nbsp;<\/p>\n\n\n\n<p>&#8211; Urbanizaci\u00f3n Los Tamarindos, parroquia San Fernando, municipio San Fernando.<\/p>\n\n\n\n<p>&#8211;&nbsp; Urbanizaci\u00f3n Santa In\u00e9s, parroquia San Fernando, municipio San Fernando.<\/p>\n\n\n\n<p>&#8211; Urbanizaci\u00f3n La Paz, parroquia Achaguas, municipio Achaguas.<\/p>\n\n\n\n<p>&#8211; Avenida Libertador, parroquia Mantecal, municipio Mu\u00f1oz.<\/p>\n\n\n\n<p>&#8211; Avenida Urbino Ruiz, parroquia Elorza, municipio R\u00f3mulo Gallegos.<\/p>\n\n\n\n<p>&#8211; Calle Sucre frente a la plaza Bol\u00edvar, parroquia Guasdualito, municipio P\u00e1ez.<\/p>\n\n\n\n<p>&#8211; Urbanizaci\u00f3n Pastor Villa Long, parroquia San Camilo, municipio P\u00e1ez.<\/p>\n\n\n\n<p>Para mayor informaci\u00f3n sobre las Jornadas Integrales de Atenci\u00f3n al Usuario, puede visitar la cuenta oficial en la red social Instagram @corpoelecinfo.<\/p>\n\n\n\n<p><strong>Prensa MPPEE-Corpoelec<\/strong><\/p>\n","protected":false},"excerpt":{"rendered":"<p>Estado Apure.- Trabajadores adscritos a la Gerencia de Comercializaci\u00f3n de la Corporaci\u00f3n El\u00e9ctrica Nacional (Corpoelec) realizar\u00e1n este s\u00e1bado 15 de<\/p>\n","protected":false},"author":24,"featured_media":93231,"comment_status":"closed","ping_status":"closed","sticky":false,"template":"","format":"standard","meta":{"footnotes":""},"categories":[1,30],"tags":[2722,2691,11,2744,46],"class_list":["post-94649","post","type-post","status-publish","format-standard","has-post-thumbnail","hentry","category-mppee","category-regionales","tag-apure","tag-corpoelec","tag-mppee","tag-sen","tag-venezuela"],"_links":{"self":[{"href":"https:\/\/mppee.gob.ve\/index.php?rest_route=\/wp\/v2\/posts\/94649","targetHints":{"allow":["GET"]}}],"collection":[{"href":"https:\/\/mppee.gob.ve\/index.php?rest_route=\/wp\/v2\/posts"}],"about":[{"href":"https:\/\/mppee.gob.ve\/index.php?rest_route=\/wp\/v2\/types\/post"}],"author":[{"embeddable":true,"href":"https:\/\/mppee.gob.ve\/index.php?rest_route=\/wp\/v2\/users\/24"}],"replies":[{"embeddable":true,"href":"https:\/\/mppee.gob.ve\/index.php?rest_route=%2Fwp%2Fv2%2Fcomments&post=94649"}],"version-history":[{"count":1,"href":"https:\/\/mppee.gob.ve\/index.php?rest_route=\/wp\/v2\/posts\/94649\/revisions"}],"predecessor-version":[{"id":94650,"href":"https:\/\/mppee.gob.ve\/index.php?rest_route=\/wp\/v2\/posts\/94649\/revisions\/94650"}],"wp:featuredmedia":[{"embeddable":true,"href":"https:\/\/mppee.gob.ve\/index.php?rest_route=\/wp\/v2\/media\/93231"}],"wp:attachment":[{"href":"https:\/\/mppee.gob.ve\/index.php?rest_route=%2Fwp%2Fv2%2Fmedia&parent=94649"}],"wp:term":[{"taxonomy":"category","embeddable":true,"href":"https:\/\/mppee.gob.ve\/index.php?rest_route=%2Fwp%2Fv2%2Fcategories&post=94649"},{"taxonomy":"post_tag","embeddable":true,"href":"https:\/\/mppee.gob.ve\/index.php?rest_route=%2Fwp%2Fv2%2Ftags&post=94649"}],"curies":[{"name":"wp","href":"https:\/\/api.w.org\/{rel}","templated":true}]}}