{"id":94677,"date":"2025-02-15T15:31:28","date_gmt":"2025-02-15T15:31:28","guid":{"rendered":"http:\/\/mppee.gob.ve\/?p=94677"},"modified":"2025-02-15T15:39:48","modified_gmt":"2025-02-15T15:39:48","slug":"labores-preventivas-en-instalaciones-electricas-favorecen-a-mas-20-mil-trujillanos","status":"publish","type":"post","link":"https:\/\/mppee.gob.ve\/?p=94677","title":{"rendered":"Corpoelec despliega Jornadas de Atenci\u00f3n a Usuarios en municipios larenses"},"content":{"rendered":"\n<p><strong>Estado Lara.-<\/strong> Este s\u00e1bado 15 de febrero,\u00a0la Corporaci\u00f3n El\u00e9ctrica Nacional (Corpoelec), despliega Jornadas Integrales de Atenci\u00f3n al Usuario, con el prop\u00f3sito de brindar asesor\u00edas para realizar tr\u00e1mites relacionados con el servicio el\u00e9ctrico en los municipios Iribarren, Mor\u00e1n y Torres del estado Lara.<\/p>\n\n\n\n<p>Durante los jornadas, se ofrecer\u00e1 asistencia para la actualizaci\u00f3n de datos, notificaci\u00f3n de deudas, recepci\u00f3n de reclamos y orientaci\u00f3n sobre el uso de la Banca en L\u00ednea, as\u00ed como el pago de facturas por consumo de energ\u00eda el\u00e9ctrica mediante puntos de venta autorizados.<\/p>\n\n\n\n<p>Los Centros Integrales de Atenci\u00f3n al Usuario (CIAU) dispuestos para la actividad, estar\u00e1n ubicados en Barquisimeto, avenida Vargas con carrera 24, edificio Corpoelec, Calle 19, entre carreras 31 y 32 Centro Comercial Nuevo Siglo y avenida Libertador con calle 33 Centro Comercial El Recreo.<\/p>\n\n\n\n<p>Mientras que, en El Tocuyo, el personal de Comercializaci\u00f3n atender\u00e1 en la urbanizaci\u00f3n El Bosque, Subestaci\u00f3n El\u00e9ctrica El Tocuyo y en Carora, avenida Francisco de Miranda, sede principal de Corpoelec.<\/p>\n\n\n\n<p>El horario de atenci\u00f3n ser\u00e1 desde las 08:00&nbsp;de la ma\u00f1ana hasta las 02:00 de la tarde.<\/p>\n\n\n\n<p>Para obtener m\u00e1s informaci\u00f3n sobre estas Jornadas de Atenci\u00f3n al Usuario, pueden visitar nuestra red social @corpoelecinfo en Instagram.<\/p>\n\n\n\n<p><strong>Prensa MPPEE-Corpoelec<\/strong><\/p>\n\n\n\n<p><\/p>\n","protected":false},"excerpt":{"rendered":"<p>Estado Lara.- Este s\u00e1bado 15 de febrero,\u00a0la Corporaci\u00f3n El\u00e9ctrica Nacional (Corpoelec), despliega Jornadas Integrales de Atenci\u00f3n al Usuario, con el<\/p>\n","protected":false},"author":24,"featured_media":93747,"comment_status":"closed","ping_status":"closed","sticky":false,"template":"","format":"standard","meta":{"footnotes":""},"categories":[1,30],"tags":[2691,2690,11,2744,46],"class_list":["post-94677","post","type-post","status-publish","format-standard","has-post-thumbnail","hentry","category-mppee","category-regionales","tag-corpoelec","tag-lara","tag-mppee","tag-sen","tag-venezuela"],"_links":{"self":[{"href":"https:\/\/mppee.gob.ve\/index.php?rest_route=\/wp\/v2\/posts\/94677","targetHints":{"allow":["GET"]}}],"collection":[{"href":"https:\/\/mppee.gob.ve\/index.php?rest_route=\/wp\/v2\/posts"}],"about":[{"href":"https:\/\/mppee.gob.ve\/index.php?rest_route=\/wp\/v2\/types\/post"}],"author":[{"embeddable":true,"href":"https:\/\/mppee.gob.ve\/index.php?rest_route=\/wp\/v2\/users\/24"}],"replies":[{"embeddable":true,"href":"https:\/\/mppee.gob.ve\/index.php?rest_route=%2Fwp%2Fv2%2Fcomments&post=94677"}],"version-history":[{"count":2,"href":"https:\/\/mppee.gob.ve\/index.php?rest_route=\/wp\/v2\/posts\/94677\/revisions"}],"predecessor-version":[{"id":94681,"href":"https:\/\/mppee.gob.ve\/index.php?rest_route=\/wp\/v2\/posts\/94677\/revisions\/94681"}],"wp:featuredmedia":[{"embeddable":true,"href":"https:\/\/mppee.gob.ve\/index.php?rest_route=\/wp\/v2\/media\/93747"}],"wp:attachment":[{"href":"https:\/\/mppee.gob.ve\/index.php?rest_route=%2Fwp%2Fv2%2Fmedia&parent=94677"}],"wp:term":[{"taxonomy":"category","embeddable":true,"href":"https:\/\/mppee.gob.ve\/index.php?rest_route=%2Fwp%2Fv2%2Fcategories&post=94677"},{"taxonomy":"post_tag","embeddable":true,"href":"https:\/\/mppee.gob.ve\/index.php?rest_route=%2Fwp%2Fv2%2Ftags&post=94677"}],"curies":[{"name":"wp","href":"https:\/\/api.w.org\/{rel}","templated":true}]}}