{"id":94690,"date":"2025-02-15T19:30:31","date_gmt":"2025-02-15T19:30:31","guid":{"rendered":"http:\/\/mppee.gob.ve\/?p=94690"},"modified":"2025-02-15T19:30:34","modified_gmt":"2025-02-15T19:30:34","slug":"vsops-avanza-en-la-consolidacion-de-proyectos-en-la-comuna-ciudad-bendita","status":"publish","type":"post","link":"https:\/\/mppee.gob.ve\/?p=94690","title":{"rendered":"VSOPS avanza en la consolidaci\u00f3n de proyectos en la Comuna \u201cCiudad Bendita\u201d"},"content":{"rendered":"\n<p><strong>Barquisimeto, estado Lara.-<\/strong> La Vicepresidencia Sectorial de Obras P\u00fablicas y Servicios (VSOPS), se despleg\u00f3 este s\u00e1bado en la Comuna \u201cCiudad Bendita\u201d ubicada en Barquisimeto, estado Lara, con el prop\u00f3sito de brindar asesoramiento y acompa\u00f1amiento al Poder Popular en la ejecuci\u00f3n de los proyectos aprobados en la Consulta Popular Nacional.<\/p>\n\n\n\n<p>En el encuentro, representantes de las comunidades presentaron los avances de los planes de electrificaci\u00f3n, as\u00ed como tambi\u00e9n los adelantos para dar inicio a la construcci\u00f3n de la red de aguas blancas y servidas, adem\u00e1s de aceras y brocales.<\/p>\n\n\n\n<p>Durante una asamblea popular, se dio a conocer la construcci\u00f3n de una Mega Base de Misiones que estar\u00e1 integrada por representantes de todas las instituciones de atenci\u00f3n social para el circuito comunal.<\/p>\n\n\n\n<p>Los Ministros escucharon a los hombres y mujeres que hacen vida en esta localidad, quienes expusieron la planificaci\u00f3n de los proyectos y propuestas que debaten aguas adentro en las comunidades.<\/p>\n\n\n\n<p>Esta visita es la segunda que realiza el vicepresidente sectorial de Obras P\u00fablicas y Servicios, Jorge M\u00e1rquez, en compa\u00f1\u00eda de los ministros y autoridades que conforman esta instancia del Estado, en aras de garantizar los servicios p\u00fablicos \u00f3ptimos a la entidad occidental, cumpliendo as\u00ed con las orientaciones del presidente de la Rep\u00fablica, Nicol\u00e1s Maduro Moros.<\/p>\n\n\n\n<p><strong>Prensa MPPEE-Corpoelec \/ Joelin Jim\u00e9nez<\/strong><\/p>\n\n\n\n<p><\/p>\n","protected":false},"excerpt":{"rendered":"<p>Barquisimeto, estado Lara.- La Vicepresidencia Sectorial de Obras P\u00fablicas y Servicios (VSOPS), se despleg\u00f3 este s\u00e1bado en la Comuna \u201cCiudad<\/p>\n","protected":false},"author":24,"featured_media":94691,"comment_status":"closed","ping_status":"closed","sticky":false,"template":"","format":"standard","meta":{"footnotes":""},"categories":[15],"tags":[2940,2690,327],"class_list":["post-94690","post","type-post","status-publish","format-standard","has-post-thumbnail","hentry","category-nacionales","tag-comuna-ciudad-bendita","tag-lara","tag-vsops"],"_links":{"self":[{"href":"https:\/\/mppee.gob.ve\/index.php?rest_route=\/wp\/v2\/posts\/94690","targetHints":{"allow":["GET"]}}],"collection":[{"href":"https:\/\/mppee.gob.ve\/index.php?rest_route=\/wp\/v2\/posts"}],"about":[{"href":"https:\/\/mppee.gob.ve\/index.php?rest_route=\/wp\/v2\/types\/post"}],"author":[{"embeddable":true,"href":"https:\/\/mppee.gob.ve\/index.php?rest_route=\/wp\/v2\/users\/24"}],"replies":[{"embeddable":true,"href":"https:\/\/mppee.gob.ve\/index.php?rest_route=%2Fwp%2Fv2%2Fcomments&post=94690"}],"version-history":[{"count":1,"href":"https:\/\/mppee.gob.ve\/index.php?rest_route=\/wp\/v2\/posts\/94690\/revisions"}],"predecessor-version":[{"id":94692,"href":"https:\/\/mppee.gob.ve\/index.php?rest_route=\/wp\/v2\/posts\/94690\/revisions\/94692"}],"wp:featuredmedia":[{"embeddable":true,"href":"https:\/\/mppee.gob.ve\/index.php?rest_route=\/wp\/v2\/media\/94691"}],"wp:attachment":[{"href":"https:\/\/mppee.gob.ve\/index.php?rest_route=%2Fwp%2Fv2%2Fmedia&parent=94690"}],"wp:term":[{"taxonomy":"category","embeddable":true,"href":"https:\/\/mppee.gob.ve\/index.php?rest_route=%2Fwp%2Fv2%2Fcategories&post=94690"},{"taxonomy":"post_tag","embeddable":true,"href":"https:\/\/mppee.gob.ve\/index.php?rest_route=%2Fwp%2Fv2%2Ftags&post=94690"}],"curies":[{"name":"wp","href":"https:\/\/api.w.org\/{rel}","templated":true}]}}