{"id":94720,"date":"2025-02-17T17:25:52","date_gmt":"2025-02-17T17:25:52","guid":{"rendered":"http:\/\/mppee.gob.ve\/?p=94720"},"modified":"2025-02-17T17:25:54","modified_gmt":"2025-02-17T17:25:54","slug":"corpoelec-realizo-jornadas-integrales-de-atencion-a-usuarios-sucrenses","status":"publish","type":"post","link":"https:\/\/mppee.gob.ve\/?p=94720","title":{"rendered":"Corpoelec realiz\u00f3 Jornadas Integrales de Atenci\u00f3n a usuarios sucrenses"},"content":{"rendered":"\n<p><strong>Estado Sucre.-<\/strong> La Corporaci\u00f3n El\u00e9ctrica Nacional (Corpoelec) llev\u00f3 a cabo Jornadas Integrales de Atenci\u00f3n al Usuario en diversas urbanizaciones de Cuman\u00e1, estado Sucre, con el objetivo de facilitar a los usuarios residenciales la actualizaci\u00f3n de sus pagos por consumo del servicio de energ\u00eda el\u00e9ctrica.<\/p>\n\n\n\n<p>En estas jornadas, los usuarios y usuarias tienen la oportunidad de obtener informaci\u00f3n sobre sus facturas y realizar consultas sobre el servicio el\u00e9ctrico.<\/p>\n\n\n\n<p>La iniciativa ha sido bien recibida por la poblaci\u00f3n en general, la cual ha destacado la importancia de estas jornadas para facilitar el pago y resolver dudas sobre el servicio.<\/p>\n\n\n\n<p>La jornada se despleg\u00f3 en las urbanizaciones Santa Elena Town House, Las Gaviotas, El Yake, Center Mar y Villa Venecia, ubicadas en el municipio Sucre.<\/p>\n\n\n\n<p>Al respecto, Teodosa Hern\u00e1ndez, jefa del Centro Integral de Atenci\u00f3n al Usuario (CIAU) Cuman\u00e1 III, asegur\u00f3 que esta iniciativa facilita a los usuarios residenciales estar al d\u00eda con el pago de las facturas por concepto de consumo de la energ\u00eda el\u00e9ctrica.<\/p>\n\n\n\n<p>Por su parte, Luisa Reyes, residente de la urbanizaci\u00f3n Villa Venecia, manifest\u00f3 su agradecimiento a Corpoelec por llevar a las comunidades la jornada. \u201cMe siento agradecida por la facilidad que tengo para estar al d\u00eda el pago del servicio, gracias a Corpoelec por esta importante iniciativa\u201d.<\/p>\n\n\n\n<p>Corpoelec reitera su compromiso de trabajar para mejorar la calidad del servicio el\u00e9ctrico en la regi\u00f3n y brindar atenci\u00f3n oportuna a los usuarios.<\/p>\n\n\n\n<p><strong>Prensa MPPEE-Corpoelec<\/strong><\/p>\n","protected":false},"excerpt":{"rendered":"<p>Estado Sucre.- La Corporaci\u00f3n El\u00e9ctrica Nacional (Corpoelec) llev\u00f3 a cabo Jornadas Integrales de Atenci\u00f3n al Usuario en diversas urbanizaciones de<\/p>\n","protected":false},"author":24,"featured_media":94721,"comment_status":"closed","ping_status":"closed","sticky":false,"template":"","format":"standard","meta":{"footnotes":""},"categories":[1,30],"tags":[2691,11,2744,2693,46],"class_list":["post-94720","post","type-post","status-publish","format-standard","has-post-thumbnail","hentry","category-mppee","category-regionales","tag-corpoelec","tag-mppee","tag-sen","tag-sucre","tag-venezuela"],"_links":{"self":[{"href":"https:\/\/mppee.gob.ve\/index.php?rest_route=\/wp\/v2\/posts\/94720","targetHints":{"allow":["GET"]}}],"collection":[{"href":"https:\/\/mppee.gob.ve\/index.php?rest_route=\/wp\/v2\/posts"}],"about":[{"href":"https:\/\/mppee.gob.ve\/index.php?rest_route=\/wp\/v2\/types\/post"}],"author":[{"embeddable":true,"href":"https:\/\/mppee.gob.ve\/index.php?rest_route=\/wp\/v2\/users\/24"}],"replies":[{"embeddable":true,"href":"https:\/\/mppee.gob.ve\/index.php?rest_route=%2Fwp%2Fv2%2Fcomments&post=94720"}],"version-history":[{"count":1,"href":"https:\/\/mppee.gob.ve\/index.php?rest_route=\/wp\/v2\/posts\/94720\/revisions"}],"predecessor-version":[{"id":94722,"href":"https:\/\/mppee.gob.ve\/index.php?rest_route=\/wp\/v2\/posts\/94720\/revisions\/94722"}],"wp:featuredmedia":[{"embeddable":true,"href":"https:\/\/mppee.gob.ve\/index.php?rest_route=\/wp\/v2\/media\/94721"}],"wp:attachment":[{"href":"https:\/\/mppee.gob.ve\/index.php?rest_route=%2Fwp%2Fv2%2Fmedia&parent=94720"}],"wp:term":[{"taxonomy":"category","embeddable":true,"href":"https:\/\/mppee.gob.ve\/index.php?rest_route=%2Fwp%2Fv2%2Fcategories&post=94720"},{"taxonomy":"post_tag","embeddable":true,"href":"https:\/\/mppee.gob.ve\/index.php?rest_route=%2Fwp%2Fv2%2Ftags&post=94720"}],"curies":[{"name":"wp","href":"https:\/\/api.w.org\/{rel}","templated":true}]}}