{"id":94739,"date":"2025-02-17T19:44:36","date_gmt":"2025-02-17T19:44:36","guid":{"rendered":"http:\/\/mppee.gob.ve\/?p=94739"},"modified":"2025-02-17T19:44:37","modified_gmt":"2025-02-17T19:44:37","slug":"corpoelec-brindara-jornadas-de-atencion-al-usuario-en-guarico-2","status":"publish","type":"post","link":"https:\/\/mppee.gob.ve\/?p=94739","title":{"rendered":"Corpoelec brindar\u00e1 Jornadas de Atenci\u00f3n al Usuario en Gu\u00e1rico"},"content":{"rendered":"\n<p><strong>Estado Gu\u00e1rico.-\u00a0 <\/strong>La clase trabajadora de la Corporaci\u00f3n El\u00e9ctrica Nacional (Corpoelec), se desplegar\u00e1 en los municipios Juan Jos\u00e9 Rond\u00f3n, Leonardo Infante y Francisco de Miranda del estado Gu\u00e1rico a trav\u00e9s de Jornadas Integrales de Atenci\u00f3n al Usuario.<\/p>\n\n\n\n<p>En la&nbsp; jornada, los usuarios podr\u00e1n pagar sus facturas, actualizar datos, recibir notificaci\u00f3n de deuda, registrar requerimientos y conocer las modalidades de cancelaci\u00f3n en l\u00ednea que brinda Corpoelec.<\/p>\n\n\n\n<p>Los stands estar\u00e1n ubicados en las siguientes direcciones:<\/p>\n\n\n\n<p>&#8211; Martes 18 de febrero. Estaci\u00f3n de Servicio Manapire, parroquia Santa Rita de Manapire, municipio Juan Jos\u00e9 Rond\u00f3n. Horario: 08:00 de la ma\u00f1ana hasta las 03:00 de la tarde.<\/p>\n\n\n\n<p>&#8211; Terrazas del Parque, Valle de la Pascua, municipio Leonardo Infante. Horario: 04:30 de la tarde hasta las 09:00 de la noche.<\/p>\n\n\n\n<p>&#8211; Mi\u00e9rcoles 19 de febrero. Urbanizaci\u00f3n Las Palomeras Misi\u00f3n de Arriba, parroquia Calabozo, municipio Francisco de Miranda. Horario: 08:00 de la ma\u00f1ana hasta la 01:00 de la tarde.<\/p>\n\n\n\n<p>&#8211; Viernes 21 de febrero. Urbanizaci\u00f3n Llano Fresco, parroquia Calabozo, municipio Francisco de Miranda. Horario: 08:00 de la ma\u00f1ana hasta la 01:00 de la tarde.<\/p>\n\n\n\n<p>&#8211; S\u00e1bado 22 de febrero. Urbanizaci\u00f3n Terrazas del Parque, parroquia Valle de la Pascua, municipio Leonardo Infante. Horario: 04:30 de la tarde hasta las 09:00 de la noche.<\/p>\n\n\n\n<p>Para mayor informaci\u00f3n sobre las Jornadas Integrales de Atenci\u00f3n al Usuario, puede visitar la cuenta @corpoelecinfo en la red social Instagram.<\/p>\n\n\n\n<p><strong>Prensa MPPEE-Corpoelec<\/strong><\/p>\n\n\n\n<p><\/p>\n","protected":false},"excerpt":{"rendered":"<p>Estado Gu\u00e1rico.-\u00a0 La clase trabajadora de la Corporaci\u00f3n El\u00e9ctrica Nacional (Corpoelec), se desplegar\u00e1 en los municipios Juan Jos\u00e9 Rond\u00f3n, Leonardo<\/p>\n","protected":false},"author":24,"featured_media":93747,"comment_status":"closed","ping_status":"closed","sticky":false,"template":"","format":"standard","meta":{"footnotes":""},"categories":[1,30],"tags":[2691,2729,11,2744,46],"class_list":["post-94739","post","type-post","status-publish","format-standard","has-post-thumbnail","hentry","category-mppee","category-regionales","tag-corpoelec","tag-guarico","tag-mppee","tag-sen","tag-venezuela"],"_links":{"self":[{"href":"https:\/\/mppee.gob.ve\/index.php?rest_route=\/wp\/v2\/posts\/94739","targetHints":{"allow":["GET"]}}],"collection":[{"href":"https:\/\/mppee.gob.ve\/index.php?rest_route=\/wp\/v2\/posts"}],"about":[{"href":"https:\/\/mppee.gob.ve\/index.php?rest_route=\/wp\/v2\/types\/post"}],"author":[{"embeddable":true,"href":"https:\/\/mppee.gob.ve\/index.php?rest_route=\/wp\/v2\/users\/24"}],"replies":[{"embeddable":true,"href":"https:\/\/mppee.gob.ve\/index.php?rest_route=%2Fwp%2Fv2%2Fcomments&post=94739"}],"version-history":[{"count":1,"href":"https:\/\/mppee.gob.ve\/index.php?rest_route=\/wp\/v2\/posts\/94739\/revisions"}],"predecessor-version":[{"id":94740,"href":"https:\/\/mppee.gob.ve\/index.php?rest_route=\/wp\/v2\/posts\/94739\/revisions\/94740"}],"wp:featuredmedia":[{"embeddable":true,"href":"https:\/\/mppee.gob.ve\/index.php?rest_route=\/wp\/v2\/media\/93747"}],"wp:attachment":[{"href":"https:\/\/mppee.gob.ve\/index.php?rest_route=%2Fwp%2Fv2%2Fmedia&parent=94739"}],"wp:term":[{"taxonomy":"category","embeddable":true,"href":"https:\/\/mppee.gob.ve\/index.php?rest_route=%2Fwp%2Fv2%2Fcategories&post=94739"},{"taxonomy":"post_tag","embeddable":true,"href":"https:\/\/mppee.gob.ve\/index.php?rest_route=%2Fwp%2Fv2%2Ftags&post=94739"}],"curies":[{"name":"wp","href":"https:\/\/api.w.org\/{rel}","templated":true}]}}