{"id":94833,"date":"2025-02-20T17:23:33","date_gmt":"2025-02-20T17:23:33","guid":{"rendered":"http:\/\/mppee.gob.ve\/?p=94833"},"modified":"2025-02-20T17:23:34","modified_gmt":"2025-02-20T17:23:34","slug":"usuarios-yaracuyanos-seran-atendidos-con-jornadas-integrales","status":"publish","type":"post","link":"https:\/\/mppee.gob.ve\/?p=94833","title":{"rendered":"Usuarios yaracuyanos ser\u00e1n atendidos con jornadas integrales"},"content":{"rendered":"\n<p><strong>Estado Yaracuy.-<\/strong> Este viernes 21 de febrero, la Corporaci\u00f3n El\u00e9ctrica Nacional (Corpoelec) a trav\u00e9s de los Centros Integrales de Atenci\u00f3n al Usuario (CIAU) realizar\u00e1 una Jornada de Atenci\u00f3n, con la finalidad de brindar asesor\u00eda, acompa\u00f1amiento en los tr\u00e1mites del servicio de electricidad a los usuarios del estado Yaracuy.<\/p>\n\n\n\n<p>Durante la jornada, que se llevar\u00e1 a cabo en los municipios San Felipe, Bruzual, Pe\u00f1a y Bol\u00edvar de la entidad yaracuyana, en el horario comprendido desde las 8:30 de la ma\u00f1ana hasta las 3:00 de la tarde, los usuarios podr\u00e1n realizar actualizaci\u00f3n de datos, notificaci\u00f3n de deuda y pago de facturas.<\/p>\n\n\n\n<p>Los stands de los CIAU estar\u00e1n ubicados en los siguientes puntos:&nbsp;<\/p>\n\n\n\n<p>\u2013 Centro Comercial Aracoi C.A, avenida La Patria con avenida 2, frente al terminal urbano Domingo Aponte Barrios en San Felipe.&nbsp;<\/p>\n\n\n\n<p>\u2013 Avenida Trocadero entre carrera 14 y calle de servicio, edificio Zona Yaritagua, municipio Pe\u00f1a.&nbsp;<\/p>\n\n\n\n<p>\u2013 Sector Casa de Tejas, frente al Ateneo de Aroa, municipio Bol\u00edvar.&nbsp;<\/p>\n\n\n\n<p>\u2013 Calle 7 esquina avenida 8, sector La Pe\u00f1ita, Casco Central Chivacoa, municipio Bruzual.<\/p>\n\n\n\n<p>El m\u00e9todo de pago autorizado ser\u00e1 a trav\u00e9s del punto de venta.<\/p>\n\n\n\n<p>Para mayor informaci\u00f3n sobre las Jornadas Integrales de Atenci\u00f3n al Usuario, pueden visitar la cuenta @corpoelecinfo en la red social Instagram.<\/p>\n\n\n\n<p><strong>Prensa MPPEE-Corpoelec<\/strong><\/p>\n","protected":false},"excerpt":{"rendered":"<p>Estado Yaracuy.- Este viernes 21 de febrero, la Corporaci\u00f3n El\u00e9ctrica Nacional (Corpoelec) a trav\u00e9s de los Centros Integrales de Atenci\u00f3n<\/p>\n","protected":false},"author":24,"featured_media":93747,"comment_status":"closed","ping_status":"closed","sticky":false,"template":"","format":"standard","meta":{"footnotes":""},"categories":[1,30],"tags":[2691,11,2744,46,2726],"class_list":["post-94833","post","type-post","status-publish","format-standard","has-post-thumbnail","hentry","category-mppee","category-regionales","tag-corpoelec","tag-mppee","tag-sen","tag-venezuela","tag-yaracuy"],"_links":{"self":[{"href":"https:\/\/mppee.gob.ve\/index.php?rest_route=\/wp\/v2\/posts\/94833","targetHints":{"allow":["GET"]}}],"collection":[{"href":"https:\/\/mppee.gob.ve\/index.php?rest_route=\/wp\/v2\/posts"}],"about":[{"href":"https:\/\/mppee.gob.ve\/index.php?rest_route=\/wp\/v2\/types\/post"}],"author":[{"embeddable":true,"href":"https:\/\/mppee.gob.ve\/index.php?rest_route=\/wp\/v2\/users\/24"}],"replies":[{"embeddable":true,"href":"https:\/\/mppee.gob.ve\/index.php?rest_route=%2Fwp%2Fv2%2Fcomments&post=94833"}],"version-history":[{"count":1,"href":"https:\/\/mppee.gob.ve\/index.php?rest_route=\/wp\/v2\/posts\/94833\/revisions"}],"predecessor-version":[{"id":94834,"href":"https:\/\/mppee.gob.ve\/index.php?rest_route=\/wp\/v2\/posts\/94833\/revisions\/94834"}],"wp:featuredmedia":[{"embeddable":true,"href":"https:\/\/mppee.gob.ve\/index.php?rest_route=\/wp\/v2\/media\/93747"}],"wp:attachment":[{"href":"https:\/\/mppee.gob.ve\/index.php?rest_route=%2Fwp%2Fv2%2Fmedia&parent=94833"}],"wp:term":[{"taxonomy":"category","embeddable":true,"href":"https:\/\/mppee.gob.ve\/index.php?rest_route=%2Fwp%2Fv2%2Fcategories&post=94833"},{"taxonomy":"post_tag","embeddable":true,"href":"https:\/\/mppee.gob.ve\/index.php?rest_route=%2Fwp%2Fv2%2Ftags&post=94833"}],"curies":[{"name":"wp","href":"https:\/\/api.w.org\/{rel}","templated":true}]}}