{"id":94856,"date":"2025-02-21T16:26:19","date_gmt":"2025-02-21T16:26:19","guid":{"rendered":"http:\/\/mppee.gob.ve\/?p=94856"},"modified":"2025-02-21T16:26:21","modified_gmt":"2025-02-21T16:26:21","slug":"usuarios-comerciales-trujillanos-seran-atendidos-en-jornadas-integrales","status":"publish","type":"post","link":"https:\/\/mppee.gob.ve\/?p=94856","title":{"rendered":"Usuarios comerciales trujillanos ser\u00e1n atendidos en jornadas integrales \u00a0"},"content":{"rendered":"\n<p><strong>Estado Trujillo.- <\/strong>La clase trabajadora de la Corporaci\u00f3n El\u00e9ctrica Nacional (Corpoelec) adscritos a la Gerencia de Comercializaci\u00f3n Trujillo, se desplegar\u00e1 este viernes 21 y s\u00e1bado 22 de febrero, en distintas localidades de los municipios Valera, Escuque y Pamp\u00e1n del estado andino.<\/p>\n\n\n\n<p>Durante las Jornadas Integrales de Atenci\u00f3n al Usuario, los usuarios podr\u00e1n realizar el pago oportuno de facturas del servicio el\u00e9ctrico, recibir asesor\u00eda personalizada y actualizaci\u00f3n de datos.<\/p>\n\n\n\n<p>La clase trabajadora, se encontrar\u00e1 desde las 09:00 de la ma\u00f1ana hasta las 03:00 de la tarde en las siguientes localidades:<\/p>\n\n\n\n<p>&#8211; Sectores Las Acacias, La Esperanza, Plata l y ll, Mesetas de Mor\u00f3n del municipio Valera.<\/p>\n\n\n\n<p>&#8211; Sabana Libre del municipio Escuque.<\/p>\n\n\n\n<p>&#8211; Monay del municipio Pamp\u00e1n.<\/p>\n\n\n\n<p>Para ampliar informaci\u00f3n referente a las Jornadas Integrales de Atenci\u00f3n al Usuario, pueden visitar la cuenta oficial de la red social de Instagram @corpoelecinfo.<\/p>\n\n\n\n<p><strong>Prensa MPPEE-Corpoelec<\/strong><\/p>\n","protected":false},"excerpt":{"rendered":"<p>Estado Trujillo.- La clase trabajadora de la Corporaci\u00f3n El\u00e9ctrica Nacional (Corpoelec) adscritos a la Gerencia de Comercializaci\u00f3n Trujillo, se desplegar\u00e1<\/p>\n","protected":false},"author":24,"featured_media":93747,"comment_status":"closed","ping_status":"closed","sticky":false,"template":"","format":"standard","meta":{"footnotes":""},"categories":[1,30],"tags":[2691,11,2744,2702,46],"class_list":["post-94856","post","type-post","status-publish","format-standard","has-post-thumbnail","hentry","category-mppee","category-regionales","tag-corpoelec","tag-mppee","tag-sen","tag-trujillo","tag-venezuela"],"_links":{"self":[{"href":"https:\/\/mppee.gob.ve\/index.php?rest_route=\/wp\/v2\/posts\/94856","targetHints":{"allow":["GET"]}}],"collection":[{"href":"https:\/\/mppee.gob.ve\/index.php?rest_route=\/wp\/v2\/posts"}],"about":[{"href":"https:\/\/mppee.gob.ve\/index.php?rest_route=\/wp\/v2\/types\/post"}],"author":[{"embeddable":true,"href":"https:\/\/mppee.gob.ve\/index.php?rest_route=\/wp\/v2\/users\/24"}],"replies":[{"embeddable":true,"href":"https:\/\/mppee.gob.ve\/index.php?rest_route=%2Fwp%2Fv2%2Fcomments&post=94856"}],"version-history":[{"count":1,"href":"https:\/\/mppee.gob.ve\/index.php?rest_route=\/wp\/v2\/posts\/94856\/revisions"}],"predecessor-version":[{"id":94857,"href":"https:\/\/mppee.gob.ve\/index.php?rest_route=\/wp\/v2\/posts\/94856\/revisions\/94857"}],"wp:featuredmedia":[{"embeddable":true,"href":"https:\/\/mppee.gob.ve\/index.php?rest_route=\/wp\/v2\/media\/93747"}],"wp:attachment":[{"href":"https:\/\/mppee.gob.ve\/index.php?rest_route=%2Fwp%2Fv2%2Fmedia&parent=94856"}],"wp:term":[{"taxonomy":"category","embeddable":true,"href":"https:\/\/mppee.gob.ve\/index.php?rest_route=%2Fwp%2Fv2%2Fcategories&post=94856"},{"taxonomy":"post_tag","embeddable":true,"href":"https:\/\/mppee.gob.ve\/index.php?rest_route=%2Fwp%2Fv2%2Ftags&post=94856"}],"curies":[{"name":"wp","href":"https:\/\/api.w.org\/{rel}","templated":true}]}}