{"id":94861,"date":"2025-02-21T16:48:09","date_gmt":"2025-02-21T16:48:09","guid":{"rendered":"http:\/\/mppee.gob.ve\/?p=94861"},"modified":"2025-02-21T16:48:12","modified_gmt":"2025-02-21T16:48:12","slug":"jornadas-de-atencion-al-usuario-atendera-a-cojedenos","status":"publish","type":"post","link":"https:\/\/mppee.gob.ve\/?p=94861","title":{"rendered":"Jornadas de Atenci\u00f3n al Usuario atender\u00e1 a cojede\u00f1os"},"content":{"rendered":"\n<p><strong>Estado Cojedes.- <\/strong>Este s\u00e1bado 22 de febrero, se desplegar\u00e1n Jornadas Integrales de Atenci\u00f3n al Usuario en el estado Cojedes, impulsadas por la Corporaci\u00f3n El\u00e9ctrica Nacional (Corpoelec), con la finalidad de brindar a los ciudadanos la asesor\u00eda necesaria para realizar tr\u00e1mites relacionados al servicio el\u00e9ctrico.<\/p>\n\n\n\n<p>Durante el despliegue, los agentes comerciales ofrecer\u00e1n asistencia en la actualizaci\u00f3n de datos, notificaci\u00f3n de deudas, pago de facturas, recepci\u00f3n de reclamos y orientaci\u00f3n sobre las modalidades de cancelaci\u00f3n en l\u00ednea que ofrece Corpoelec.<\/p>\n\n\n\n<p>Los stands estar\u00e1n disponibles en las siguientes direcciones, desde las 8:00 de la ma\u00f1ana hasta las 12:00 de la tarde.<\/p>\n\n\n\n<p>&#8211; Complejo Habitacional Ezequiel Zamora, parroquia San Carlos de Austria, municipio Ezequiel Zamora.<\/p>\n\n\n\n<p>&#8211; Urbanizaci\u00f3n Tamanaco, parroquia Tinaquillo, municipio Tinaquillo.<\/p>\n\n\n\n<p>&#8211; Complejo Residencial Batalla de Jun\u00edn, parroquia Jos\u00e9 Laurencio Silva, municipio Tinaco.<\/p>\n\n\n\n<p>&#8211; Calle Sucre del sector Centro, parroquia El Ba\u00fal, municipio Girardot.<\/p>\n\n\n\n<p>Es importante mencionar que el m\u00e9todo de pago autorizado ser\u00e1 a trav\u00e9s de punto de venta autorizado.<\/p>\n\n\n\n<p>Para obtener m\u00e1s informaci\u00f3n sobre estas Jornadas Integrales de Atenci\u00f3n al Usuario, los interesados pueden seguir la cuenta @corpoelecinfo en Instagram.<\/p>\n\n\n\n<p><strong>Prensa MPPEE-Corpoelec<\/strong><\/p>\n","protected":false},"excerpt":{"rendered":"<p>Estado Cojedes.- Este s\u00e1bado 22 de febrero, se desplegar\u00e1n Jornadas Integrales de Atenci\u00f3n al Usuario en el estado Cojedes, impulsadas<\/p>\n","protected":false},"author":24,"featured_media":93364,"comment_status":"closed","ping_status":"closed","sticky":false,"template":"","format":"standard","meta":{"footnotes":""},"categories":[1,30],"tags":[2710,2691,11,2744,46],"class_list":["post-94861","post","type-post","status-publish","format-standard","has-post-thumbnail","hentry","category-mppee","category-regionales","tag-cojedes","tag-corpoelec","tag-mppee","tag-sen","tag-venezuela"],"_links":{"self":[{"href":"https:\/\/mppee.gob.ve\/index.php?rest_route=\/wp\/v2\/posts\/94861","targetHints":{"allow":["GET"]}}],"collection":[{"href":"https:\/\/mppee.gob.ve\/index.php?rest_route=\/wp\/v2\/posts"}],"about":[{"href":"https:\/\/mppee.gob.ve\/index.php?rest_route=\/wp\/v2\/types\/post"}],"author":[{"embeddable":true,"href":"https:\/\/mppee.gob.ve\/index.php?rest_route=\/wp\/v2\/users\/24"}],"replies":[{"embeddable":true,"href":"https:\/\/mppee.gob.ve\/index.php?rest_route=%2Fwp%2Fv2%2Fcomments&post=94861"}],"version-history":[{"count":1,"href":"https:\/\/mppee.gob.ve\/index.php?rest_route=\/wp\/v2\/posts\/94861\/revisions"}],"predecessor-version":[{"id":94862,"href":"https:\/\/mppee.gob.ve\/index.php?rest_route=\/wp\/v2\/posts\/94861\/revisions\/94862"}],"wp:featuredmedia":[{"embeddable":true,"href":"https:\/\/mppee.gob.ve\/index.php?rest_route=\/wp\/v2\/media\/93364"}],"wp:attachment":[{"href":"https:\/\/mppee.gob.ve\/index.php?rest_route=%2Fwp%2Fv2%2Fmedia&parent=94861"}],"wp:term":[{"taxonomy":"category","embeddable":true,"href":"https:\/\/mppee.gob.ve\/index.php?rest_route=%2Fwp%2Fv2%2Fcategories&post=94861"},{"taxonomy":"post_tag","embeddable":true,"href":"https:\/\/mppee.gob.ve\/index.php?rest_route=%2Fwp%2Fv2%2Ftags&post=94861"}],"curies":[{"name":"wp","href":"https:\/\/api.w.org\/{rel}","templated":true}]}}