{"id":94863,"date":"2025-02-21T17:01:27","date_gmt":"2025-02-21T17:01:27","guid":{"rendered":"http:\/\/mppee.gob.ve\/?p=94863"},"modified":"2025-02-21T17:01:29","modified_gmt":"2025-02-21T17:01:29","slug":"corpoelec-se-desplegara-por-municipios-tachirenses-para-atender-a-usuarios","status":"publish","type":"post","link":"https:\/\/mppee.gob.ve\/?p=94863","title":{"rendered":"Corpoelec se desplegar\u00e1 por municipios tachirenses para atender a usuarios"},"content":{"rendered":"\n<p><strong>Estado T\u00e1chira.-<\/strong> El personal adscrito a la Gerencia de Comercializaci\u00f3n de la Corporaci\u00f3n El\u00e9ctrica Nacional (Corpoelec), se desplegar\u00e1 este s\u00e1bado 22 de febrero, en siete municipios del territorio tachirense, para ofrecer a los usuarios asesor\u00eda en tr\u00e1mites del servicio el\u00e9ctrico.<\/p>\n\n\n\n<p>La jornada permitir\u00e1 a los usuarios realizar la actualizaci\u00f3n de datos, notificaci\u00f3n de deuda, recepci\u00f3n de reclamos, verificaci\u00f3n de conexiones, asesor\u00eda de pago a trav\u00e9s de Banca en L\u00ednea y pago de factura, bajo la modalidad de punto de venta.<\/p>\n\n\n\n<p>La actividad se realizar\u00e1 entre las 8:00 de la ma\u00f1ana hasta las 4:00 de la tarde, con stands de atenci\u00f3n al usuario ubicados en los siguientes municipios.<\/p>\n\n\n\n<p>&#8211; Bol\u00edvar: sector Ernesto Guevara, calle 6 con carrera 3 de San Antonio.<\/p>\n\n\n\n<p>&#8211; Garc\u00eda de Hevia: Casco Central de La Fr\u00eda.<\/p>\n\n\n\n<p>&#8211; Uribante: Casco Central de Pregonero.<\/p>\n\n\n\n<p>&#8211; Jauregu\u00ed: Casco Central de La Grita.<\/p>\n\n\n\n<p>&#8211; Fern\u00e1ndez Feo: Casco Central de El Pi\u00f1al.<\/p>\n\n\n\n<p>&#8211; Jun\u00edn: Casco Central de Jun\u00edn.<\/p>\n\n\n\n<p>&#8211; San Crist\u00f3bal: sector Puente Real.<\/p>\n\n\n\n<p>Para obtener m\u00e1s informaci\u00f3n sobre estas Jornadas Integrales de Atenci\u00f3n al Usuario, los interesados pueden seguir la cuenta @corpoelecinfo en Instagram.<\/p>\n\n\n\n<p><strong>Prensa MPPEE-Corpoelec<\/strong><\/p>\n\n\n\n<p><\/p>\n","protected":false},"excerpt":{"rendered":"<p>Estado T\u00e1chira.- El personal adscrito a la Gerencia de Comercializaci\u00f3n de la Corporaci\u00f3n El\u00e9ctrica Nacional (Corpoelec), se desplegar\u00e1 este s\u00e1bado<\/p>\n","protected":false},"author":24,"featured_media":93235,"comment_status":"closed","ping_status":"closed","sticky":false,"template":"","format":"standard","meta":{"footnotes":""},"categories":[1,30],"tags":[2691,11,2744,2700,46],"class_list":["post-94863","post","type-post","status-publish","format-standard","has-post-thumbnail","hentry","category-mppee","category-regionales","tag-corpoelec","tag-mppee","tag-sen","tag-tachira","tag-venezuela"],"_links":{"self":[{"href":"https:\/\/mppee.gob.ve\/index.php?rest_route=\/wp\/v2\/posts\/94863","targetHints":{"allow":["GET"]}}],"collection":[{"href":"https:\/\/mppee.gob.ve\/index.php?rest_route=\/wp\/v2\/posts"}],"about":[{"href":"https:\/\/mppee.gob.ve\/index.php?rest_route=\/wp\/v2\/types\/post"}],"author":[{"embeddable":true,"href":"https:\/\/mppee.gob.ve\/index.php?rest_route=\/wp\/v2\/users\/24"}],"replies":[{"embeddable":true,"href":"https:\/\/mppee.gob.ve\/index.php?rest_route=%2Fwp%2Fv2%2Fcomments&post=94863"}],"version-history":[{"count":1,"href":"https:\/\/mppee.gob.ve\/index.php?rest_route=\/wp\/v2\/posts\/94863\/revisions"}],"predecessor-version":[{"id":94864,"href":"https:\/\/mppee.gob.ve\/index.php?rest_route=\/wp\/v2\/posts\/94863\/revisions\/94864"}],"wp:featuredmedia":[{"embeddable":true,"href":"https:\/\/mppee.gob.ve\/index.php?rest_route=\/wp\/v2\/media\/93235"}],"wp:attachment":[{"href":"https:\/\/mppee.gob.ve\/index.php?rest_route=%2Fwp%2Fv2%2Fmedia&parent=94863"}],"wp:term":[{"taxonomy":"category","embeddable":true,"href":"https:\/\/mppee.gob.ve\/index.php?rest_route=%2Fwp%2Fv2%2Fcategories&post=94863"},{"taxonomy":"post_tag","embeddable":true,"href":"https:\/\/mppee.gob.ve\/index.php?rest_route=%2Fwp%2Fv2%2Ftags&post=94863"}],"curies":[{"name":"wp","href":"https:\/\/api.w.org\/{rel}","templated":true}]}}