{"id":94868,"date":"2025-02-21T18:08:17","date_gmt":"2025-02-21T18:08:17","guid":{"rendered":"http:\/\/mppee.gob.ve\/?p=94868"},"modified":"2025-02-21T18:08:19","modified_gmt":"2025-02-21T18:08:19","slug":"jornada-integral-garantiza-atencion-a-usuarios-apurenos","status":"publish","type":"post","link":"https:\/\/mppee.gob.ve\/?p=94868","title":{"rendered":"Jornada integral garantiza atenci\u00f3n a usuarios apure\u00f1os"},"content":{"rendered":"\n<p><strong>Estado Apure.-<\/strong> La Corporaci\u00f3n El\u00e9ctrica Nacional (Corpoelec) llevar\u00e1 a cabo este s\u00e1bado 22 de febrero, Jornadas Integrales de Atenci\u00f3n al Usuario en comunidades\u00a0 del estado Apure.<\/p>\n\n\n\n<p>Los trabajadores se desplegar\u00e1n para brindar orientaci\u00f3n en materia de notificaci\u00f3n de deuda, pago de factura, actualizaci\u00f3n de datos y captaci\u00f3n de nuevos usuarios, en un horario comprendido entre las 8:00 de la ma\u00f1ana y las 2:00 de la tarde.<\/p>\n\n\n\n<p>A continuaci\u00f3n, se detalla la ubicaci\u00f3n de los stands que estar\u00e1n disponibles:<\/p>\n\n\n\n<p>&nbsp;&#8211; Urbanizaci\u00f3n Seraf\u00edn Cede\u00f1o, parroquia San Fernando, municipio San Fernando.<\/p>\n\n\n\n<p>&#8211; Urbanizaci\u00f3n Llano Alto, parroquia Biruaca, municipio Biruaca.<\/p>\n\n\n\n<p>&#8211; Urbanizaci\u00f3n La Paz, parroquia Achaguas, municipio Achaguas.<\/p>\n\n\n\n<p>&#8211; Avenida Libertador, parroquia Mantecal, municipio Mu\u00f1oz.<\/p>\n\n\n\n<p>&#8211; Calle Gerardo Brito, parroquia Elorza, municipio R\u00f3mulo Gallegos.<\/p>\n\n\n\n<p>&#8211; Avenida M\u00e1rquez del Pumar, parroquia Guasdualito, municipio P\u00e1ez.<\/p>\n\n\n\n<p>&#8211; Calle Mari\u00f1o, urbanizaci\u00f3n La Palmas, parroquia San Camilo, municipio P\u00e1ez.<\/p>\n\n\n\n<p>Para mayor informaci\u00f3n sobre las Jornadas Integrales de Atenci\u00f3n al Usuario, pueden visitar la cuenta @corpoelecinfo en la red social Instagram.<\/p>\n\n\n\n<p><strong>Prensa MPPEE-Corpoelec<\/strong><\/p>\n","protected":false},"excerpt":{"rendered":"<p>Estado Apure.- La Corporaci\u00f3n El\u00e9ctrica Nacional (Corpoelec) llevar\u00e1 a cabo este s\u00e1bado 22 de febrero, Jornadas Integrales de Atenci\u00f3n al<\/p>\n","protected":false},"author":24,"featured_media":93747,"comment_status":"closed","ping_status":"closed","sticky":false,"template":"","format":"standard","meta":{"footnotes":""},"categories":[1,30],"tags":[2722,2691,11,2744,46],"class_list":["post-94868","post","type-post","status-publish","format-standard","has-post-thumbnail","hentry","category-mppee","category-regionales","tag-apure","tag-corpoelec","tag-mppee","tag-sen","tag-venezuela"],"_links":{"self":[{"href":"https:\/\/mppee.gob.ve\/index.php?rest_route=\/wp\/v2\/posts\/94868","targetHints":{"allow":["GET"]}}],"collection":[{"href":"https:\/\/mppee.gob.ve\/index.php?rest_route=\/wp\/v2\/posts"}],"about":[{"href":"https:\/\/mppee.gob.ve\/index.php?rest_route=\/wp\/v2\/types\/post"}],"author":[{"embeddable":true,"href":"https:\/\/mppee.gob.ve\/index.php?rest_route=\/wp\/v2\/users\/24"}],"replies":[{"embeddable":true,"href":"https:\/\/mppee.gob.ve\/index.php?rest_route=%2Fwp%2Fv2%2Fcomments&post=94868"}],"version-history":[{"count":1,"href":"https:\/\/mppee.gob.ve\/index.php?rest_route=\/wp\/v2\/posts\/94868\/revisions"}],"predecessor-version":[{"id":94869,"href":"https:\/\/mppee.gob.ve\/index.php?rest_route=\/wp\/v2\/posts\/94868\/revisions\/94869"}],"wp:featuredmedia":[{"embeddable":true,"href":"https:\/\/mppee.gob.ve\/index.php?rest_route=\/wp\/v2\/media\/93747"}],"wp:attachment":[{"href":"https:\/\/mppee.gob.ve\/index.php?rest_route=%2Fwp%2Fv2%2Fmedia&parent=94868"}],"wp:term":[{"taxonomy":"category","embeddable":true,"href":"https:\/\/mppee.gob.ve\/index.php?rest_route=%2Fwp%2Fv2%2Fcategories&post=94868"},{"taxonomy":"post_tag","embeddable":true,"href":"https:\/\/mppee.gob.ve\/index.php?rest_route=%2Fwp%2Fv2%2Ftags&post=94868"}],"curies":[{"name":"wp","href":"https:\/\/api.w.org\/{rel}","templated":true}]}}