{"id":94915,"date":"2025-02-24T13:55:08","date_gmt":"2025-02-24T13:55:08","guid":{"rendered":"http:\/\/mppee.gob.ve\/?p=94915"},"modified":"2025-02-24T13:55:11","modified_gmt":"2025-02-24T13:55:11","slug":"corpoelec-desplegara-jornadas-de-atencion-al-usuario-en-valles-del-tuy","status":"publish","type":"post","link":"https:\/\/mppee.gob.ve\/?p=94915","title":{"rendered":"Corpoelec desplegar\u00e1 Jornadas de Atenci\u00f3n al Usuario en Valles del Tuy"},"content":{"rendered":"\n<p><strong>Estado Miranda.-<\/strong> La clase trabajadora de la Corporaci\u00f3n El\u00e9ctrica Nacional (Corpoelec) se desplegar\u00e1 este lunes 24 y martes 25 de febrero en el municipio Rafael Urdaneta del estado Miranda.<\/p>\n\n\n\n<p>Durante las Jornadas de Atenci\u00f3n los usuarios podr\u00e1n realizar actualizaci\u00f3n de datos, notificaci\u00f3n de deuda, recepci\u00f3n de reclamos, verificaci\u00f3n de conexiones, asesor\u00eda de pago por Banca en L\u00ednea y pago de factura, bajo la modalidad de puntos de venta.<\/p>\n\n\n\n<p>Los agentes comerciales atender\u00e1n desde la 9:00 de la ma\u00f1ana hasta las 2:00 de la tarde.<\/p>\n\n\n\n<p>A continuaci\u00f3n, se detalla la ubicaci\u00f3n de los stands que estar\u00e1n disponibles:<\/p>\n\n\n\n<ul class=\"wp-block-list\">\n<li>Lunes 24 de febrero: Avenida Perimetral de C\u00faa, Residencias el Condado Planta Baja.<\/li>\n<\/ul>\n\n\n\n<ul class=\"wp-block-list\">\n<li>Martes 25 de febrero: Avenida Perimetral de C\u00faa Residencias El Castillo.<\/li>\n<\/ul>\n\n\n\n<p>Para mayor informaci\u00f3n sobre las Jornadas Integrales de Atenci\u00f3n al Usuario, puede visitar la cuenta @corpoelecinfo en la red social.<\/p>\n\n\n\n<p><strong>Prensa MPPEE-Corpoelec<\/strong><\/p>\n","protected":false},"excerpt":{"rendered":"<p>Estado Miranda.- La clase trabajadora de la Corporaci\u00f3n El\u00e9ctrica Nacional (Corpoelec) se desplegar\u00e1 este lunes 24 y martes 25 de<\/p>\n","protected":false},"author":24,"featured_media":93747,"comment_status":"closed","ping_status":"closed","sticky":false,"template":"","format":"standard","meta":{"footnotes":""},"categories":[1,30],"tags":[2691,2709,11,2744,46],"class_list":["post-94915","post","type-post","status-publish","format-standard","has-post-thumbnail","hentry","category-mppee","category-regionales","tag-corpoelec","tag-miranda","tag-mppee","tag-sen","tag-venezuela"],"_links":{"self":[{"href":"https:\/\/mppee.gob.ve\/index.php?rest_route=\/wp\/v2\/posts\/94915","targetHints":{"allow":["GET"]}}],"collection":[{"href":"https:\/\/mppee.gob.ve\/index.php?rest_route=\/wp\/v2\/posts"}],"about":[{"href":"https:\/\/mppee.gob.ve\/index.php?rest_route=\/wp\/v2\/types\/post"}],"author":[{"embeddable":true,"href":"https:\/\/mppee.gob.ve\/index.php?rest_route=\/wp\/v2\/users\/24"}],"replies":[{"embeddable":true,"href":"https:\/\/mppee.gob.ve\/index.php?rest_route=%2Fwp%2Fv2%2Fcomments&post=94915"}],"version-history":[{"count":1,"href":"https:\/\/mppee.gob.ve\/index.php?rest_route=\/wp\/v2\/posts\/94915\/revisions"}],"predecessor-version":[{"id":94916,"href":"https:\/\/mppee.gob.ve\/index.php?rest_route=\/wp\/v2\/posts\/94915\/revisions\/94916"}],"wp:featuredmedia":[{"embeddable":true,"href":"https:\/\/mppee.gob.ve\/index.php?rest_route=\/wp\/v2\/media\/93747"}],"wp:attachment":[{"href":"https:\/\/mppee.gob.ve\/index.php?rest_route=%2Fwp%2Fv2%2Fmedia&parent=94915"}],"wp:term":[{"taxonomy":"category","embeddable":true,"href":"https:\/\/mppee.gob.ve\/index.php?rest_route=%2Fwp%2Fv2%2Fcategories&post=94915"},{"taxonomy":"post_tag","embeddable":true,"href":"https:\/\/mppee.gob.ve\/index.php?rest_route=%2Fwp%2Fv2%2Ftags&post=94915"}],"curies":[{"name":"wp","href":"https:\/\/api.w.org\/{rel}","templated":true}]}}