{"id":94933,"date":"2025-02-24T15:09:43","date_gmt":"2025-02-24T15:09:43","guid":{"rendered":"http:\/\/mppee.gob.ve\/?p=94933"},"modified":"2025-02-24T15:55:51","modified_gmt":"2025-02-24T15:55:51","slug":"jornadas-integrales-garantizan-atencion-a-usuarios-araguenos","status":"publish","type":"post","link":"https:\/\/mppee.gob.ve\/?p=94933","title":{"rendered":"Jornadas integrales garantizan atenci\u00f3n a usuarios arag\u00fce\u00f1os"},"content":{"rendered":"\n<p><strong>Estado Aragua.- <\/strong>La clase trabajadora de la Corporaci\u00f3n El\u00e9ctrica Nacional (Corpoelec) se desplegar\u00e1 desde este lunes 24 hasta el pr\u00f3ximo viernes 28 de febrero por municipios del estado Aragua, para beneficiar a usuarios con jornadas integrales de atenci\u00f3n.<\/p>\n\n\n\n<p>Las jornadas de atenci\u00f3n permitir\u00e1n a los usuarios realizar actualizaci\u00f3n de datos, notificaci\u00f3n de deuda, recepci\u00f3n de reclamos, verificaci\u00f3n de conexiones, asesor\u00eda de pago por Banca en L\u00ednea y pago de factura, bajo la modalidad de puntos de venta.<\/p>\n\n\n\n<p>Los agentes comerciales atender\u00e1n desde las 9:00 de la ma\u00f1ana hasta las 2:00 de la tarde en los siguientes puntos:<\/p>\n\n\n\n<ul class=\"wp-block-list\">\n<li>Lunes 24 y martes 25 de febrero: Casco Central Plaza Bol\u00edvar de la parroquia Palo Negro.<\/li>\n<\/ul>\n\n\n\n<ul class=\"wp-block-list\">\n<li>Mi\u00e9rcoles 26 de febrero: Centro Comercial La Concepci\u00f3n, calle Bol\u00edvar con Carre\u00f1o Turmero,<br>municipio Santiago Mari\u00f1o.<\/li>\n<\/ul>\n\n\n\n<ul class=\"wp-block-list\">\n<li>Jueves 27 de febrero: Centro Comercial Valle Lindo, Turmero, municipio Santiago Mari\u00f1o.<\/li>\n<\/ul>\n\n\n\n<ul class=\"wp-block-list\">\n<li>Viernes 28 de febrero: Avenida Ayacucho frente al Mercado Libre, municipio Girardot.<\/li>\n<\/ul>\n\n\n\n<p>Para mayor informaci\u00f3n sobre las Jornadas Integrales de Atenci\u00f3n al Usuario, puede visitar la cuenta @corpoelecinfo en la red social<\/p>\n\n\n\n<p><strong>Prensa MPPEE-Corpoelec<\/strong><\/p>\n","protected":false},"excerpt":{"rendered":"<p>Estado Aragua.- La clase trabajadora de la Corporaci\u00f3n El\u00e9ctrica Nacional (Corpoelec) se desplegar\u00e1 desde este lunes 24 hasta el pr\u00f3ximo<\/p>\n","protected":false},"author":24,"featured_media":93735,"comment_status":"closed","ping_status":"closed","sticky":false,"template":"","format":"standard","meta":{"footnotes":""},"categories":[1,30],"tags":[2708,2691,11,2744,46],"class_list":["post-94933","post","type-post","status-publish","format-standard","has-post-thumbnail","hentry","category-mppee","category-regionales","tag-aragua","tag-corpoelec","tag-mppee","tag-sen","tag-venezuela"],"_links":{"self":[{"href":"https:\/\/mppee.gob.ve\/index.php?rest_route=\/wp\/v2\/posts\/94933","targetHints":{"allow":["GET"]}}],"collection":[{"href":"https:\/\/mppee.gob.ve\/index.php?rest_route=\/wp\/v2\/posts"}],"about":[{"href":"https:\/\/mppee.gob.ve\/index.php?rest_route=\/wp\/v2\/types\/post"}],"author":[{"embeddable":true,"href":"https:\/\/mppee.gob.ve\/index.php?rest_route=\/wp\/v2\/users\/24"}],"replies":[{"embeddable":true,"href":"https:\/\/mppee.gob.ve\/index.php?rest_route=%2Fwp%2Fv2%2Fcomments&post=94933"}],"version-history":[{"count":2,"href":"https:\/\/mppee.gob.ve\/index.php?rest_route=\/wp\/v2\/posts\/94933\/revisions"}],"predecessor-version":[{"id":94936,"href":"https:\/\/mppee.gob.ve\/index.php?rest_route=\/wp\/v2\/posts\/94933\/revisions\/94936"}],"wp:featuredmedia":[{"embeddable":true,"href":"https:\/\/mppee.gob.ve\/index.php?rest_route=\/wp\/v2\/media\/93735"}],"wp:attachment":[{"href":"https:\/\/mppee.gob.ve\/index.php?rest_route=%2Fwp%2Fv2%2Fmedia&parent=94933"}],"wp:term":[{"taxonomy":"category","embeddable":true,"href":"https:\/\/mppee.gob.ve\/index.php?rest_route=%2Fwp%2Fv2%2Fcategories&post=94933"},{"taxonomy":"post_tag","embeddable":true,"href":"https:\/\/mppee.gob.ve\/index.php?rest_route=%2Fwp%2Fv2%2Ftags&post=94933"}],"curies":[{"name":"wp","href":"https:\/\/api.w.org\/{rel}","templated":true}]}}