{"id":94940,"date":"2025-02-24T17:24:57","date_gmt":"2025-02-24T17:24:57","guid":{"rendered":"http:\/\/mppee.gob.ve\/?p=94940"},"modified":"2025-02-24T17:24:59","modified_gmt":"2025-02-24T17:24:59","slug":"desplegaran-mantenimiento-correctivo-en-tres-municipios-de-miranda","status":"publish","type":"post","link":"https:\/\/mppee.gob.ve\/?p=94940","title":{"rendered":"Desplegar\u00e1n mantenimiento correctivo en tres municipios de Miranda"},"content":{"rendered":"\n<p><strong>Estado Miranda.-<\/strong> Equipos de la Corporaci\u00f3n El\u00e9ctrica Nacional (Corpoelec), realizar\u00e1n este martes 25 de febrero, mantenimientos correctivos en los municipios Independencia, Paz Castillo y Bri\u00f3n del estado Miranda.<\/p>\n\n\n\n<p>Las actividades estar\u00e1n centradas en el cambio de piezas el\u00e9ctricas y la poda puntual de vegetaci\u00f3n cercana a los corredores de media tensi\u00f3n.<\/p>\n\n\n\n<p>En los municipios Independencia y Paz Castillo, el mantenimiento se realizar\u00e1 en un horario comprendido entre las 09:00 de la ma\u00f1ana hasta las 03:00 de la tarde en los sectores El Negro, San Vicente, Empedrado, Urapal, Bella Vista, Colinas del Para\u00edso y Cacique Tiuna.<\/p>\n\n\n\n<p>En el municipio Bri\u00f3n los sectores atendidos ser\u00e1n Casco Central de Higuerote, Las Delicias, Barrio Ajuro, La Pe\u00f1ita, Puerto Encantado, Ciudad Balneario, San Luis, La Velita, La Ceiba, Lagomar, Residencias Flamingo Suites, Quitasol e Hipocampo; de 10:00 a 10:30 de la ma\u00f1ana y entre 04:00 a 04:30 de la tarde.<\/p>\n\n\n\n<p>De igual manera, de 10:00 de la ma\u00f1ana hasta las 2:00 de la tarde ser\u00e1n atendidos los sectores Carenero, Valle Seco, Nuevo Carenero, Guayabal, Residencias: Carenero Yacht Club, Caribe II, Bah\u00eda de Los Piratas, Costa Rivera, Aguja Azul, Bahia Mar, Mar\u00eda Silva, Los Corsarios, Vista Linda, Vista al Mar, Mirador Bah\u00eda de Buche, Los Totumos, San Francisquito, Guaical, Los Chaguaramos, Chirimena, La Arenera, Chirere, Los Corrales, La Cruz, La Soledad, Las Brisas, Curiepe y Osma.<\/p>\n\n\n\n<p><strong>Prensa MPPEE-Corpoelec<\/strong><\/p>\n\n\n\n<p><\/p>\n","protected":false},"excerpt":{"rendered":"<p>Estado Miranda.- Equipos de la Corporaci\u00f3n El\u00e9ctrica Nacional (Corpoelec), realizar\u00e1n este martes 25 de febrero, mantenimientos correctivos en los municipios<\/p>\n","protected":false},"author":24,"featured_media":94941,"comment_status":"closed","ping_status":"closed","sticky":false,"template":"","format":"standard","meta":{"footnotes":""},"categories":[1,30],"tags":[2691,2709,11,2744,46],"class_list":["post-94940","post","type-post","status-publish","format-standard","has-post-thumbnail","hentry","category-mppee","category-regionales","tag-corpoelec","tag-miranda","tag-mppee","tag-sen","tag-venezuela"],"_links":{"self":[{"href":"https:\/\/mppee.gob.ve\/index.php?rest_route=\/wp\/v2\/posts\/94940","targetHints":{"allow":["GET"]}}],"collection":[{"href":"https:\/\/mppee.gob.ve\/index.php?rest_route=\/wp\/v2\/posts"}],"about":[{"href":"https:\/\/mppee.gob.ve\/index.php?rest_route=\/wp\/v2\/types\/post"}],"author":[{"embeddable":true,"href":"https:\/\/mppee.gob.ve\/index.php?rest_route=\/wp\/v2\/users\/24"}],"replies":[{"embeddable":true,"href":"https:\/\/mppee.gob.ve\/index.php?rest_route=%2Fwp%2Fv2%2Fcomments&post=94940"}],"version-history":[{"count":1,"href":"https:\/\/mppee.gob.ve\/index.php?rest_route=\/wp\/v2\/posts\/94940\/revisions"}],"predecessor-version":[{"id":94942,"href":"https:\/\/mppee.gob.ve\/index.php?rest_route=\/wp\/v2\/posts\/94940\/revisions\/94942"}],"wp:featuredmedia":[{"embeddable":true,"href":"https:\/\/mppee.gob.ve\/index.php?rest_route=\/wp\/v2\/media\/94941"}],"wp:attachment":[{"href":"https:\/\/mppee.gob.ve\/index.php?rest_route=%2Fwp%2Fv2%2Fmedia&parent=94940"}],"wp:term":[{"taxonomy":"category","embeddable":true,"href":"https:\/\/mppee.gob.ve\/index.php?rest_route=%2Fwp%2Fv2%2Fcategories&post=94940"},{"taxonomy":"post_tag","embeddable":true,"href":"https:\/\/mppee.gob.ve\/index.php?rest_route=%2Fwp%2Fv2%2Ftags&post=94940"}],"curies":[{"name":"wp","href":"https:\/\/api.w.org\/{rel}","templated":true}]}}