{"id":94965,"date":"2025-02-25T15:06:51","date_gmt":"2025-02-25T15:06:51","guid":{"rendered":"http:\/\/mppee.gob.ve\/?p=94965"},"modified":"2025-02-25T15:06:53","modified_gmt":"2025-02-25T15:06:53","slug":"favorecidas-30-mil-familias-falconianas-con-mejoras-en-redes-de-distribucion-de-energia","status":"publish","type":"post","link":"https:\/\/mppee.gob.ve\/?p=94965","title":{"rendered":"Favorecidas 30 mil familias falconianas con mejoras en redes de distribuci\u00f3n de energ\u00eda"},"content":{"rendered":"\n<p><strong>Estado Falc\u00f3n.-<\/strong> Para fortalecer el servicio el\u00e9ctrico en la ciudad de Coro, la clase laboral de la Corporaci\u00f3n El\u00e9ctrica Nacional (Corpoelec), realiz\u00f3 mantenimiento preventivo y correctivo a circuitos el\u00e9ctricos asociados a las subestaciones Coro I y Coro III, ubicadas en el municipio Miranda del estado Falc\u00f3n.<\/p>\n\n\n\n<p>Los trabajos de mejora del servicio, favorecen a m\u00e1s de 30 mil familias que habitan al este de la ciudad, donde tambi\u00e9n convergen instituciones p\u00fablicas prestadoras de servicio, salud, educaci\u00f3n y comercios, quienes cuentan con un eficiente suministro de energ\u00eda.<\/p>\n\n\n\n<p>Trabajadores del Centro de Servicios Coro y la Divisi\u00f3n de Mantenimiento Especializado, efectuaron labores t\u00e9cnicas en los circuitos Seguro Social y San Jos\u00e9, ubicados en la parroquia San Gabriel, las cuales consistieron en cambio y colocaci\u00f3n de seccionadores, reubicaci\u00f3n de cortacorrientes, colocaci\u00f3n de poste y adecuaci\u00f3n de derivaci\u00f3n en la avenida Independencia.<\/p>\n\n\n\n<p>Las labores de mantenimiento abarcaron las principales v\u00edas de circulaci\u00f3n de Coro, como la avenida Pinto Salinas, R\u00f3mulo Gallegos, Rafael Gallardo y Ram\u00f3n Antonio Medina, beneficiando a las comunidades adyacentes para mejorar la calidad de vida al pueblo falconiano.<\/p>\n\n\n\n<p><strong>Prensa MPPEE-Corpoelec<\/strong><\/p>\n","protected":false},"excerpt":{"rendered":"<p>Estado Falc\u00f3n.- Para fortalecer el servicio el\u00e9ctrico en la ciudad de Coro, la clase laboral de la Corporaci\u00f3n El\u00e9ctrica Nacional<\/p>\n","protected":false},"author":24,"featured_media":94966,"comment_status":"closed","ping_status":"closed","sticky":false,"template":"","format":"standard","meta":{"footnotes":""},"categories":[1,30],"tags":[2691,2695,11,2744,46],"class_list":["post-94965","post","type-post","status-publish","format-standard","has-post-thumbnail","hentry","category-mppee","category-regionales","tag-corpoelec","tag-falcon","tag-mppee","tag-sen","tag-venezuela"],"_links":{"self":[{"href":"https:\/\/mppee.gob.ve\/index.php?rest_route=\/wp\/v2\/posts\/94965","targetHints":{"allow":["GET"]}}],"collection":[{"href":"https:\/\/mppee.gob.ve\/index.php?rest_route=\/wp\/v2\/posts"}],"about":[{"href":"https:\/\/mppee.gob.ve\/index.php?rest_route=\/wp\/v2\/types\/post"}],"author":[{"embeddable":true,"href":"https:\/\/mppee.gob.ve\/index.php?rest_route=\/wp\/v2\/users\/24"}],"replies":[{"embeddable":true,"href":"https:\/\/mppee.gob.ve\/index.php?rest_route=%2Fwp%2Fv2%2Fcomments&post=94965"}],"version-history":[{"count":1,"href":"https:\/\/mppee.gob.ve\/index.php?rest_route=\/wp\/v2\/posts\/94965\/revisions"}],"predecessor-version":[{"id":94967,"href":"https:\/\/mppee.gob.ve\/index.php?rest_route=\/wp\/v2\/posts\/94965\/revisions\/94967"}],"wp:featuredmedia":[{"embeddable":true,"href":"https:\/\/mppee.gob.ve\/index.php?rest_route=\/wp\/v2\/media\/94966"}],"wp:attachment":[{"href":"https:\/\/mppee.gob.ve\/index.php?rest_route=%2Fwp%2Fv2%2Fmedia&parent=94965"}],"wp:term":[{"taxonomy":"category","embeddable":true,"href":"https:\/\/mppee.gob.ve\/index.php?rest_route=%2Fwp%2Fv2%2Fcategories&post=94965"},{"taxonomy":"post_tag","embeddable":true,"href":"https:\/\/mppee.gob.ve\/index.php?rest_route=%2Fwp%2Fv2%2Ftags&post=94965"}],"curies":[{"name":"wp","href":"https:\/\/api.w.org\/{rel}","templated":true}]}}