{"id":94971,"date":"2025-02-25T15:51:38","date_gmt":"2025-02-25T15:51:38","guid":{"rendered":"http:\/\/mppee.gob.ve\/?p=94971"},"modified":"2025-02-25T16:19:41","modified_gmt":"2025-02-25T16:19:41","slug":"corpoelec-brindara-jornadas-integrales-de-atencion-al-usuario-en-guarico","status":"publish","type":"post","link":"https:\/\/mppee.gob.ve\/?p=94971","title":{"rendered":"Corpoelec brindar\u00e1 Jornadas Integrales de Atenci\u00f3n al Usuario en Gu\u00e1rico"},"content":{"rendered":"\n<p><strong>Estado Gu\u00e1rico.- <\/strong>La clase trabajadora de la Corporaci\u00f3n El\u00e9ctrica Nacional (Corpoelec) realizar\u00e1 jornadas integrales de atenci\u00f3n en el estado Gu\u00e1rico, con la finalidad de brindar a los usuarios asesor\u00eda relacionada a tr\u00e1mites del servicio de electricidad.<\/p>\n\n\n\n<p>Durante el despliegue, que se llevar\u00e1 a cabo en el municipio Leonardo Infante desde las 04:30 de la tarde hasta las 09:00 de la noche, los guarique\u00f1os podr\u00e1n actualizar datos y pagar sus de facturas.<\/p>\n\n\n\n<p>Los stands estar\u00e1n ubicados en las siguientes direcciones:<\/p>\n\n\n\n<p>&#8211; Mi\u00e9rcoles 26 de febrero: Urbanizaci\u00f3n Cerritos I, parroquia Valle de la Pascua.<\/p>\n\n\n\n<p>&#8211; Jueves 27 y viernes 28 de febrero: Calle Guasco, sector Centro, parroquia Valle de la Pascua.<\/p>\n\n\n\n<p>Para mayor informaci\u00f3n sobre las Jornadas Integrales de Atenci\u00f3n al Usuario, puede visitar la cuenta @corpoelecinfo en la red social Instagram.<\/p>\n\n\n\n<p><strong>Prensa MPPEE-Corpoelec<\/strong><\/p>\n","protected":false},"excerpt":{"rendered":"<p>Estado Gu\u00e1rico.- La clase trabajadora de la Corporaci\u00f3n El\u00e9ctrica Nacional (Corpoelec) realizar\u00e1 jornadas integrales de atenci\u00f3n en el estado Gu\u00e1rico,<\/p>\n","protected":false},"author":24,"featured_media":93747,"comment_status":"closed","ping_status":"closed","sticky":false,"template":"","format":"standard","meta":{"footnotes":""},"categories":[1,30],"tags":[2691,2729,11,2744,46],"class_list":["post-94971","post","type-post","status-publish","format-standard","has-post-thumbnail","hentry","category-mppee","category-regionales","tag-corpoelec","tag-guarico","tag-mppee","tag-sen","tag-venezuela"],"_links":{"self":[{"href":"https:\/\/mppee.gob.ve\/index.php?rest_route=\/wp\/v2\/posts\/94971","targetHints":{"allow":["GET"]}}],"collection":[{"href":"https:\/\/mppee.gob.ve\/index.php?rest_route=\/wp\/v2\/posts"}],"about":[{"href":"https:\/\/mppee.gob.ve\/index.php?rest_route=\/wp\/v2\/types\/post"}],"author":[{"embeddable":true,"href":"https:\/\/mppee.gob.ve\/index.php?rest_route=\/wp\/v2\/users\/24"}],"replies":[{"embeddable":true,"href":"https:\/\/mppee.gob.ve\/index.php?rest_route=%2Fwp%2Fv2%2Fcomments&post=94971"}],"version-history":[{"count":2,"href":"https:\/\/mppee.gob.ve\/index.php?rest_route=\/wp\/v2\/posts\/94971\/revisions"}],"predecessor-version":[{"id":94981,"href":"https:\/\/mppee.gob.ve\/index.php?rest_route=\/wp\/v2\/posts\/94971\/revisions\/94981"}],"wp:featuredmedia":[{"embeddable":true,"href":"https:\/\/mppee.gob.ve\/index.php?rest_route=\/wp\/v2\/media\/93747"}],"wp:attachment":[{"href":"https:\/\/mppee.gob.ve\/index.php?rest_route=%2Fwp%2Fv2%2Fmedia&parent=94971"}],"wp:term":[{"taxonomy":"category","embeddable":true,"href":"https:\/\/mppee.gob.ve\/index.php?rest_route=%2Fwp%2Fv2%2Fcategories&post=94971"},{"taxonomy":"post_tag","embeddable":true,"href":"https:\/\/mppee.gob.ve\/index.php?rest_route=%2Fwp%2Fv2%2Ftags&post=94971"}],"curies":[{"name":"wp","href":"https:\/\/api.w.org\/{rel}","templated":true}]}}