{"id":94997,"date":"2025-02-25T18:30:28","date_gmt":"2025-02-25T18:30:28","guid":{"rendered":"http:\/\/mppee.gob.ve\/?p=94997"},"modified":"2025-02-25T18:30:30","modified_gmt":"2025-02-25T18:30:30","slug":"corpoelec-despliega-jornadas-integrales-para-atender-a-usuarios-tachirenses","status":"publish","type":"post","link":"https:\/\/mppee.gob.ve\/?p=94997","title":{"rendered":"Corpoelec despliega jornadas integrales para atender a usuarios tachirenses"},"content":{"rendered":"\n<p><strong>Estado T\u00e1chira.-<\/strong> La clase trabajadora de la Corporaci\u00f3n El\u00e9ctrica Nacional (Corpoelec), se desplegar\u00e1 desde este mi\u00e9rcoles 26 de febrero hasta el pr\u00f3ximo s\u00e1bado 01 de marzo, por municipios del estado T\u00e1chira, para beneficiar a usuarios con jornadas integrales de atenci\u00f3n.<\/p>\n\n\n\n<p>Estas jornadas de atenci\u00f3n permitir\u00e1n a los usuarios realizar verificaci\u00f3n de conexiones, actualizaci\u00f3n de datos, notificaci\u00f3n de deuda, recepci\u00f3n de reclamos, asesor\u00eda de pago por Banca en L\u00ednea y pago de factura, bajo la modalidad de puntos de venta.<\/p>\n\n\n\n<p>Los agentes comerciales, a trav\u00e9s de los Centros de Atenci\u00f3n al Usuario (CIAU), atender\u00e1n desde las 9:00 de la ma\u00f1ana hasta las 4:00 de la tarde en los siguientes municipios:<\/p>\n\n\n\n<p>&#8211; Garc\u00eda de Hevia: Sector Las Pavas, La Fr\u00eda carreras 03, 08 y 06.<\/p>\n\n\n\n<p>&#8211; C\u00f3rdoba: Las Golondrinas, El Cementerio, Las Mercedes.<\/p>\n\n\n\n<p>&#8211; Bol\u00edvar: Cayetano, Cementerio, Pueblo Nuevo, Curazao, Las Lagunitas y Ocumare.<\/p>\n\n\n\n<p>&#8211; Pedro Mar\u00eda Ure\u00f1a: La Goajira, Cementerio, Caja Seca Plaza Vieja.<\/p>\n\n\n\n<p>&#8211; Libertador: El Milagro, San Joaqu\u00edn, El Veg\u00f3n, Abejales, La Pedrera.<\/p>\n\n\n\n<p>&#8211; Jauregu\u00ed: Urbanizaci\u00f3n Brisas del Carrizal, Llano Los Zambrano, casco central y Los Anaranos.<\/p>\n\n\n\n<p>&#8211; Sucre: La Pedrera, aldea Colinas de Queniquea.<\/p>\n\n\n\n<p>&#8211; Francisco de Miranda: aldea Mesas de San Antonio.<\/p>\n\n\n\n<p>&#8211; Ayacucho: Los Chaguaramos, Casco Central, P\u00e9rez de Toloza, Barrio Las Flores, aldea La San Juana.<\/p>\n\n\n\n<p>&#8211; San Crist\u00f3bal: Centro C\u00edvico, av. Cuatricentenaria, av. Libertador, Pasaje Cumanacoa, 5ta y 7ma avenida, La Guacara, Barrio Obrero carreras 5, 12, 20, 23, La Rotaria, Av. 19 de Abril, Urbanizaci\u00f3n M\u00e9rida, Barrio El Carmen, Pasaje El Mop, sector Propatria.<\/p>\n\n\n\n<p>&#8211; Panamericano: San Isidro, Los Kioscos, Casco Central, Ca\u00f1o Real, Barrio Brice\u00f1o.<\/p>\n\n\n\n<p>&#8211; Independencia: El Llanito, Campo C, Rancher\u00edas, Peribeca y El P\u00e1ramo.<\/p>\n\n\n\n<p>&#8211; Rafael Urdaneta: Sector El Coromoto, aldea EL Toronjal y Las Lajas.<\/p>\n\n\n\n<p>&#8211; Jun\u00edn: Los Palones, Ca\u00f1averal, Vega La Pipa, Bolivia, El Poblado, El Bram\u00f3n.<\/p>\n\n\n\n<p>&#8211; C\u00e1rdenas: Avenida Antonio Jos\u00e9 de Sucre, Monse\u00f1or Brice\u00f1o y Barrancas.<\/p>\n\n\n\n<p>Asimismo, el personal comercial de los CIAU El Pinal y El Cant\u00f3n, favorecer\u00e1 con estas jornadas a los sectores de Guacas, El Cant\u00f3n y Punta de Piedra de los municipios Andr\u00e9s Eloy Blanco y Ezequiel Zamora del estado Barinas.<\/p>\n\n\n\n<p>Para mayor informaci\u00f3n sobre las Jornadas Integrales de Atenci\u00f3n al Usuario, puede visitar la cuenta @corpoelecinfo en la red social Instagram.<\/p>\n\n\n\n<p><strong>Prensa MPPEE-Corpoelec<\/strong><\/p>\n\n\n\n<p><\/p>\n","protected":false},"excerpt":{"rendered":"<p>Estado T\u00e1chira.- La clase trabajadora de la Corporaci\u00f3n El\u00e9ctrica Nacional (Corpoelec), se desplegar\u00e1 desde este mi\u00e9rcoles 26 de febrero hasta<\/p>\n","protected":false},"author":24,"featured_media":93235,"comment_status":"closed","ping_status":"closed","sticky":false,"template":"","format":"standard","meta":{"footnotes":""},"categories":[1,30],"tags":[2691,11,2744,2700,46],"class_list":["post-94997","post","type-post","status-publish","format-standard","has-post-thumbnail","hentry","category-mppee","category-regionales","tag-corpoelec","tag-mppee","tag-sen","tag-tachira","tag-venezuela"],"_links":{"self":[{"href":"https:\/\/mppee.gob.ve\/index.php?rest_route=\/wp\/v2\/posts\/94997","targetHints":{"allow":["GET"]}}],"collection":[{"href":"https:\/\/mppee.gob.ve\/index.php?rest_route=\/wp\/v2\/posts"}],"about":[{"href":"https:\/\/mppee.gob.ve\/index.php?rest_route=\/wp\/v2\/types\/post"}],"author":[{"embeddable":true,"href":"https:\/\/mppee.gob.ve\/index.php?rest_route=\/wp\/v2\/users\/24"}],"replies":[{"embeddable":true,"href":"https:\/\/mppee.gob.ve\/index.php?rest_route=%2Fwp%2Fv2%2Fcomments&post=94997"}],"version-history":[{"count":1,"href":"https:\/\/mppee.gob.ve\/index.php?rest_route=\/wp\/v2\/posts\/94997\/revisions"}],"predecessor-version":[{"id":94998,"href":"https:\/\/mppee.gob.ve\/index.php?rest_route=\/wp\/v2\/posts\/94997\/revisions\/94998"}],"wp:featuredmedia":[{"embeddable":true,"href":"https:\/\/mppee.gob.ve\/index.php?rest_route=\/wp\/v2\/media\/93235"}],"wp:attachment":[{"href":"https:\/\/mppee.gob.ve\/index.php?rest_route=%2Fwp%2Fv2%2Fmedia&parent=94997"}],"wp:term":[{"taxonomy":"category","embeddable":true,"href":"https:\/\/mppee.gob.ve\/index.php?rest_route=%2Fwp%2Fv2%2Fcategories&post=94997"},{"taxonomy":"post_tag","embeddable":true,"href":"https:\/\/mppee.gob.ve\/index.php?rest_route=%2Fwp%2Fv2%2Ftags&post=94997"}],"curies":[{"name":"wp","href":"https:\/\/api.w.org\/{rel}","templated":true}]}}