{"id":94999,"date":"2025-02-25T18:45:14","date_gmt":"2025-02-25T18:45:14","guid":{"rendered":"http:\/\/mppee.gob.ve\/?p=94999"},"modified":"2025-02-25T18:45:16","modified_gmt":"2025-02-25T18:45:16","slug":"jornadas-integrales-garantizan-atencion-a-usuarios-sucrenses","status":"publish","type":"post","link":"https:\/\/mppee.gob.ve\/?p=94999","title":{"rendered":"Jornadas integrales garantizan atenci\u00f3n a usuarios sucrenses"},"content":{"rendered":"\n<p><strong>Estado Sucre.-<\/strong> La clase trabajadora adscrita a la Gerencia de Comercializaci\u00f3n de la Corporaci\u00f3n El\u00e9ctrica Nacional (Corpoelec), realizar\u00e1n desde este mi\u00e9rcoles 26 hasta el pr\u00f3ximo viernes 28 de febrero, Jornadas Integrales de Atenci\u00f3n a Usuarios residenciales y comerciales en ocho municipios del estado Sucre.<\/p>\n\n\n\n<p>Las jornadas permitir\u00e1n a los usuarios realizar actualizaci\u00f3n de datos, notificaci\u00f3n de deuda y pago de facturas mediante el m\u00e9todo de pago de punto de venta, desde las 9:00 de la ma\u00f1ana hasta las 2:00 de la tarde.<\/p>\n\n\n\n<p>Los agentes estar\u00e1n ubicados en las siguientes direcciones:<\/p>\n\n\n\n<p>&#8211; Mi\u00e9rcoles 26 de febrero: Urbanizaciones Gran Mariscal y Cuman\u00e1 IV.<\/p>\n\n\n\n<p>&#8211; Jueves 27 de febrero: Urbanizaciones Costa Azul, Marea Mar y Cuman\u00e1 III.<\/p>\n\n\n\n<p>&#8211; Viernes 28 de febrero: Urbanizaciones Villa Dora, Vista Mar y Virgen Del Carmen, ubicados en el municipio Sucre.<\/p>\n\n\n\n<p>Por otro lado, los usuarios comerciales ser\u00e1n atendidos desde las 4:00 de la tarde hasta las 8:00 de la noche en las siguientes direcciones:<\/p>\n\n\n\n<p>&#8211; Ciudad de Cuman\u00e1 y Poblado de Santa Fe, municipio Sucre.&nbsp;<\/p>\n\n\n\n<p>&#8211; Ciudad de Car\u00fapano, municipio Berm\u00fadez.<\/p>\n\n\n\n<p>&#8211; Ciudad de Cariaco, municipio Ribero.<\/p>\n\n\n\n<p>&#8211; Ciudad de Marig\u00fcitar, municipio Bol\u00edvar.&nbsp;<\/p>\n\n\n\n<p>&#8211; Ciudad de Cumanacoa, municipio Montes.&nbsp;<\/p>\n\n\n\n<p>&#8211; Ciudad de Casanay, municipio Andr\u00e9s Eloy Blanco.&nbsp;<\/p>\n\n\n\n<p>&#8211; Ciudad de G\u00fciria, municipio Valdez.<\/p>\n\n\n\n<p>&#8211; Ciudad de Araya, municipio Cruz Salmer\u00f3n Acosta.<\/p>\n\n\n\n<p>Para mayor informaci\u00f3n sobre las Jornadas Integrales de Atenci\u00f3n al Usuario, puede visitar la cuenta @corpoelecinfo en la red social Instagram.<\/p>\n\n\n\n<p><strong>Prensa MPPEE-Corpoelec<\/strong><\/p>\n\n\n\n<p><\/p>\n","protected":false},"excerpt":{"rendered":"<p>Estado Sucre.- La clase trabajadora adscrita a la Gerencia de Comercializaci\u00f3n de la Corporaci\u00f3n El\u00e9ctrica Nacional (Corpoelec), realizar\u00e1n desde este<\/p>\n","protected":false},"author":24,"featured_media":93364,"comment_status":"closed","ping_status":"closed","sticky":false,"template":"","format":"standard","meta":{"footnotes":""},"categories":[1,30],"tags":[2691,11,2744,2693,46],"class_list":["post-94999","post","type-post","status-publish","format-standard","has-post-thumbnail","hentry","category-mppee","category-regionales","tag-corpoelec","tag-mppee","tag-sen","tag-sucre","tag-venezuela"],"_links":{"self":[{"href":"https:\/\/mppee.gob.ve\/index.php?rest_route=\/wp\/v2\/posts\/94999","targetHints":{"allow":["GET"]}}],"collection":[{"href":"https:\/\/mppee.gob.ve\/index.php?rest_route=\/wp\/v2\/posts"}],"about":[{"href":"https:\/\/mppee.gob.ve\/index.php?rest_route=\/wp\/v2\/types\/post"}],"author":[{"embeddable":true,"href":"https:\/\/mppee.gob.ve\/index.php?rest_route=\/wp\/v2\/users\/24"}],"replies":[{"embeddable":true,"href":"https:\/\/mppee.gob.ve\/index.php?rest_route=%2Fwp%2Fv2%2Fcomments&post=94999"}],"version-history":[{"count":1,"href":"https:\/\/mppee.gob.ve\/index.php?rest_route=\/wp\/v2\/posts\/94999\/revisions"}],"predecessor-version":[{"id":95000,"href":"https:\/\/mppee.gob.ve\/index.php?rest_route=\/wp\/v2\/posts\/94999\/revisions\/95000"}],"wp:featuredmedia":[{"embeddable":true,"href":"https:\/\/mppee.gob.ve\/index.php?rest_route=\/wp\/v2\/media\/93364"}],"wp:attachment":[{"href":"https:\/\/mppee.gob.ve\/index.php?rest_route=%2Fwp%2Fv2%2Fmedia&parent=94999"}],"wp:term":[{"taxonomy":"category","embeddable":true,"href":"https:\/\/mppee.gob.ve\/index.php?rest_route=%2Fwp%2Fv2%2Fcategories&post=94999"},{"taxonomy":"post_tag","embeddable":true,"href":"https:\/\/mppee.gob.ve\/index.php?rest_route=%2Fwp%2Fv2%2Ftags&post=94999"}],"curies":[{"name":"wp","href":"https:\/\/api.w.org\/{rel}","templated":true}]}}