{"id":95088,"date":"2025-02-28T15:59:31","date_gmt":"2025-02-28T15:59:31","guid":{"rendered":"http:\/\/mppee.gob.ve\/?p=95088"},"modified":"2025-02-28T15:59:32","modified_gmt":"2025-02-28T15:59:32","slug":"corpoelec-realizara-jornada-integral-de-atencion-al-usuario-en-comunidades-apurenas","status":"publish","type":"post","link":"https:\/\/mppee.gob.ve\/?p=95088","title":{"rendered":"Corpoelec realizar\u00e1 Jornada Integral de Atenci\u00f3n al Usuario en comunidades apure\u00f1as"},"content":{"rendered":"\n<p><strong>Estado Apure.- <\/strong>La Corporaci\u00f3n El\u00e9ctrica Nacional (Corpoelec) llevar\u00e1 a cabo este s\u00e1bado 01 de marzo, Jornadas Integrales de Atenci\u00f3n al Usuario en comunidades del estado Apure.<\/p>\n\n\n\n<p>Los trabajadores se desplegar\u00e1n con el prop\u00f3sito de brindar asistencia personalizada en actualizaci\u00f3n de datos, notificaci\u00f3n de deudas, pago de factura y captaci\u00f3n de nuevos usuarios, desde las 8:00 de la ma\u00f1ana hasta las 2:00 de la tarde.<\/p>\n\n\n\n<p>A continuaci\u00f3n, se detalla la ubicaci\u00f3n de los stands:<\/p>\n\n\n\n<p>&nbsp;&#8211; San Fernando 2000, parroquia San Fernando, municipio San Fernando.<\/p>\n\n\n\n<p>&#8211; Urbanizaci\u00f3n Merecure, parroquia Biruaca, municipio Biruaca.<\/p>\n\n\n\n<p>&#8211; Urbanizaci\u00f3n El Nazareno, parroquia Achaguas, municipio Achaguas.<\/p>\n\n\n\n<p>&#8211; Avenida Libertador, frente a Sa\u00fal Zapater\u00eda parroquia Mantecal, municipio Mu\u00f1oz.<\/p>\n\n\n\n<p>&#8211; Sector Las Veg\u00fcitas Elorza, municipio R\u00f3mulo Gallegos.<\/p>\n\n\n\n<p>&#8211; Carrera Ricaurte, parroquia Guasdualito, municipio P\u00e1ez.<\/p>\n\n\n\n<p>&#8211; Calle Mari\u00f1o y urbanizaci\u00f3n Las Palmas, parroquia San Camilo, municipio P\u00e1ez.<\/p>\n\n\n\n<p>Para mayor informaci\u00f3n sobre estas jornadas, pueden visitar la cuenta @corpoelecinfo en la red social Instagram.<\/p>\n\n\n\n<p><strong>Prensa MPPEE-Corpoelec<\/strong><\/p>\n\n\n\n<p><\/p>\n","protected":false},"excerpt":{"rendered":"<p>Estado Apure.- La Corporaci\u00f3n El\u00e9ctrica Nacional (Corpoelec) llevar\u00e1 a cabo este s\u00e1bado 01 de marzo, Jornadas Integrales de Atenci\u00f3n al<\/p>\n","protected":false},"author":24,"featured_media":93364,"comment_status":"closed","ping_status":"closed","sticky":false,"template":"","format":"standard","meta":{"footnotes":""},"categories":[1,30],"tags":[2722,2691,11,2744,46],"class_list":["post-95088","post","type-post","status-publish","format-standard","has-post-thumbnail","hentry","category-mppee","category-regionales","tag-apure","tag-corpoelec","tag-mppee","tag-sen","tag-venezuela"],"_links":{"self":[{"href":"https:\/\/mppee.gob.ve\/index.php?rest_route=\/wp\/v2\/posts\/95088","targetHints":{"allow":["GET"]}}],"collection":[{"href":"https:\/\/mppee.gob.ve\/index.php?rest_route=\/wp\/v2\/posts"}],"about":[{"href":"https:\/\/mppee.gob.ve\/index.php?rest_route=\/wp\/v2\/types\/post"}],"author":[{"embeddable":true,"href":"https:\/\/mppee.gob.ve\/index.php?rest_route=\/wp\/v2\/users\/24"}],"replies":[{"embeddable":true,"href":"https:\/\/mppee.gob.ve\/index.php?rest_route=%2Fwp%2Fv2%2Fcomments&post=95088"}],"version-history":[{"count":1,"href":"https:\/\/mppee.gob.ve\/index.php?rest_route=\/wp\/v2\/posts\/95088\/revisions"}],"predecessor-version":[{"id":95089,"href":"https:\/\/mppee.gob.ve\/index.php?rest_route=\/wp\/v2\/posts\/95088\/revisions\/95089"}],"wp:featuredmedia":[{"embeddable":true,"href":"https:\/\/mppee.gob.ve\/index.php?rest_route=\/wp\/v2\/media\/93364"}],"wp:attachment":[{"href":"https:\/\/mppee.gob.ve\/index.php?rest_route=%2Fwp%2Fv2%2Fmedia&parent=95088"}],"wp:term":[{"taxonomy":"category","embeddable":true,"href":"https:\/\/mppee.gob.ve\/index.php?rest_route=%2Fwp%2Fv2%2Fcategories&post=95088"},{"taxonomy":"post_tag","embeddable":true,"href":"https:\/\/mppee.gob.ve\/index.php?rest_route=%2Fwp%2Fv2%2Ftags&post=95088"}],"curies":[{"name":"wp","href":"https:\/\/api.w.org\/{rel}","templated":true}]}}