{"id":95093,"date":"2025-02-28T16:30:38","date_gmt":"2025-02-28T16:30:38","guid":{"rendered":"http:\/\/mppee.gob.ve\/?p=95093"},"modified":"2025-02-28T16:30:40","modified_gmt":"2025-02-28T16:30:40","slug":"usuarios-mirandinos-son-beneficiados-con-jornada-de-atencion-integral","status":"publish","type":"post","link":"https:\/\/mppee.gob.ve\/?p=95093","title":{"rendered":"Usuarios mirandinos son beneficiados con Jornada de Atenci\u00f3n Integral"},"content":{"rendered":"\n<p><strong>Estado Miranda.-<\/strong> La Corporaci\u00f3n El\u00e9ctrica Nacional (Corpoelec) desplegar\u00e1 este s\u00e1bado 01 de marzo, una jornada de atenci\u00f3n a usuarios residenciales y comerciales en los municipios Guaicaipuro y Los Salias del estado Miranda.<\/p>\n\n\n\n<p>El despliegue se realizar\u00e1 en el horario comprendido desde las 09:00 de la ma\u00f1ana hasta las 02:00 de la tarde, dirigido a usuarios mirandinos de las siguientes comunidades:<\/p>\n\n\n\n<p>&#8211; Centro Comercial Libador, planta baja, casco central de Paracotos, municipio Guaicaipuro.<\/p>\n\n\n\n<p>&#8211; Centro Comercial Luz El\u00e9ctrica, calle Miquil\u00e9n, piso 2, municipio Guaicaipuro.<\/p>\n\n\n\n<p>&#8211; Centro Comercial Galer\u00edas Las Am\u00e9ricas, piso 1, carretera Panamericana kil\u00f3metro 15, municipio Los Salias.<\/p>\n\n\n\n<p>&#8211; Sector El Picacho, Terrazas de San Antonio, planta baja, municipio Los Salias.<\/p>\n\n\n\n<p>Los stands de los Centros Integrales de Atenci\u00f3n al Usuario (CIAU) estar\u00e1n disponibles para que los usuarios realicen actualizaci\u00f3n de datos, reclamos, notificaci\u00f3n de deudas por concepto de consumo del servicio el\u00e9ctrico y asesor\u00eda de pago a trav\u00e9s de la banca en l\u00ednea.<\/p>\n\n\n\n<p>Para mayor informaci\u00f3n sobre las jornadas de atenci\u00f3n, los usuarios pueden visitar nuestras cuentas oficiales en Instagram @corpoelecinfo y Facebook Corpoelec Informa.<\/p>\n\n\n\n<p><strong>Prensa MPPEE-Corpoelec<\/strong><\/p>\n","protected":false},"excerpt":{"rendered":"<p>Estado Miranda.- La Corporaci\u00f3n El\u00e9ctrica Nacional (Corpoelec) desplegar\u00e1 este s\u00e1bado 01 de marzo, una jornada de atenci\u00f3n a usuarios residenciales<\/p>\n","protected":false},"author":24,"featured_media":93235,"comment_status":"closed","ping_status":"closed","sticky":false,"template":"","format":"standard","meta":{"footnotes":""},"categories":[1,30],"tags":[2691,2709,11,2744,46],"class_list":["post-95093","post","type-post","status-publish","format-standard","has-post-thumbnail","hentry","category-mppee","category-regionales","tag-corpoelec","tag-miranda","tag-mppee","tag-sen","tag-venezuela"],"_links":{"self":[{"href":"https:\/\/mppee.gob.ve\/index.php?rest_route=\/wp\/v2\/posts\/95093","targetHints":{"allow":["GET"]}}],"collection":[{"href":"https:\/\/mppee.gob.ve\/index.php?rest_route=\/wp\/v2\/posts"}],"about":[{"href":"https:\/\/mppee.gob.ve\/index.php?rest_route=\/wp\/v2\/types\/post"}],"author":[{"embeddable":true,"href":"https:\/\/mppee.gob.ve\/index.php?rest_route=\/wp\/v2\/users\/24"}],"replies":[{"embeddable":true,"href":"https:\/\/mppee.gob.ve\/index.php?rest_route=%2Fwp%2Fv2%2Fcomments&post=95093"}],"version-history":[{"count":1,"href":"https:\/\/mppee.gob.ve\/index.php?rest_route=\/wp\/v2\/posts\/95093\/revisions"}],"predecessor-version":[{"id":95094,"href":"https:\/\/mppee.gob.ve\/index.php?rest_route=\/wp\/v2\/posts\/95093\/revisions\/95094"}],"wp:featuredmedia":[{"embeddable":true,"href":"https:\/\/mppee.gob.ve\/index.php?rest_route=\/wp\/v2\/media\/93235"}],"wp:attachment":[{"href":"https:\/\/mppee.gob.ve\/index.php?rest_route=%2Fwp%2Fv2%2Fmedia&parent=95093"}],"wp:term":[{"taxonomy":"category","embeddable":true,"href":"https:\/\/mppee.gob.ve\/index.php?rest_route=%2Fwp%2Fv2%2Fcategories&post=95093"},{"taxonomy":"post_tag","embeddable":true,"href":"https:\/\/mppee.gob.ve\/index.php?rest_route=%2Fwp%2Fv2%2Ftags&post=95093"}],"curies":[{"name":"wp","href":"https:\/\/api.w.org\/{rel}","templated":true}]}}