{"id":95174,"date":"2025-03-05T18:48:27","date_gmt":"2025-03-05T18:48:27","guid":{"rendered":"http:\/\/mppee.gob.ve\/?p=95174"},"modified":"2025-03-05T18:53:27","modified_gmt":"2025-03-05T18:53:27","slug":"guariquenos-seran-atendido-a-traves-de-jornadas-integrales","status":"publish","type":"post","link":"https:\/\/mppee.gob.ve\/?p=95174","title":{"rendered":"Guarique\u00f1os ser\u00e1n atendidos a trav\u00e9s de jornadas integrales"},"content":{"rendered":"\n<p><strong>Estado Gu\u00e1rico.- <\/strong>La clase trabajadora de la Corporaci\u00f3n El\u00e9ctrica Nacional (Corpoelec), se desplegar\u00e1 desde este jueves 06 hasta el s\u00e1bado 08 de marzo, en el municipio Leonardo Infante del estado Gu\u00e1rico, en aras de brindar asesor\u00eda personalizada en tr\u00e1mites del servicio de electricidad a usuarios de la entidad llanera.<\/p>\n\n\n\n<p>Los agentes estar\u00e1n ubicados en el sector Centro, calle Shettino, desde las 04:30 de la tarde hasta las 09:00 de la noche.<\/p>\n\n\n\n<p>La jornada permitir\u00e1 a los usuarios realizar actualizaci\u00f3n de datos, recibir notificaci\u00f3n de deuda, registrar requerimientos, solicitar verificaci\u00f3n de conexiones y pagar sus facturas a trav\u00e9s de puntos de venta.<\/p>\n\n\n\n<p>Para mayor informaci\u00f3n sobre las jornadas de atenci\u00f3n, los usuarios pueden visitar nuestras cuentas oficiales en Instagram @corpoelecinfo y Facebook Corpoelec Informa.<\/p>\n\n\n\n<p><strong>Prensa MPPEE-Corpoelec<\/strong><\/p>\n\n\n\n<p><\/p>\n","protected":false},"excerpt":{"rendered":"<p>Estado Gu\u00e1rico.- La clase trabajadora de la Corporaci\u00f3n El\u00e9ctrica Nacional (Corpoelec), se desplegar\u00e1 desde este jueves 06 hasta el s\u00e1bado<\/p>\n","protected":false},"author":24,"featured_media":93747,"comment_status":"closed","ping_status":"closed","sticky":false,"template":"","format":"standard","meta":{"footnotes":""},"categories":[1,30],"tags":[2691,2729,11,2744,46],"class_list":["post-95174","post","type-post","status-publish","format-standard","has-post-thumbnail","hentry","category-mppee","category-regionales","tag-corpoelec","tag-guarico","tag-mppee","tag-sen","tag-venezuela"],"_links":{"self":[{"href":"https:\/\/mppee.gob.ve\/index.php?rest_route=\/wp\/v2\/posts\/95174","targetHints":{"allow":["GET"]}}],"collection":[{"href":"https:\/\/mppee.gob.ve\/index.php?rest_route=\/wp\/v2\/posts"}],"about":[{"href":"https:\/\/mppee.gob.ve\/index.php?rest_route=\/wp\/v2\/types\/post"}],"author":[{"embeddable":true,"href":"https:\/\/mppee.gob.ve\/index.php?rest_route=\/wp\/v2\/users\/24"}],"replies":[{"embeddable":true,"href":"https:\/\/mppee.gob.ve\/index.php?rest_route=%2Fwp%2Fv2%2Fcomments&post=95174"}],"version-history":[{"count":2,"href":"https:\/\/mppee.gob.ve\/index.php?rest_route=\/wp\/v2\/posts\/95174\/revisions"}],"predecessor-version":[{"id":95176,"href":"https:\/\/mppee.gob.ve\/index.php?rest_route=\/wp\/v2\/posts\/95174\/revisions\/95176"}],"wp:featuredmedia":[{"embeddable":true,"href":"https:\/\/mppee.gob.ve\/index.php?rest_route=\/wp\/v2\/media\/93747"}],"wp:attachment":[{"href":"https:\/\/mppee.gob.ve\/index.php?rest_route=%2Fwp%2Fv2%2Fmedia&parent=95174"}],"wp:term":[{"taxonomy":"category","embeddable":true,"href":"https:\/\/mppee.gob.ve\/index.php?rest_route=%2Fwp%2Fv2%2Fcategories&post=95174"},{"taxonomy":"post_tag","embeddable":true,"href":"https:\/\/mppee.gob.ve\/index.php?rest_route=%2Fwp%2Fv2%2Ftags&post=95174"}],"curies":[{"name":"wp","href":"https:\/\/api.w.org\/{rel}","templated":true}]}}