{"id":95212,"date":"2025-03-06T22:05:54","date_gmt":"2025-03-06T22:05:54","guid":{"rendered":"http:\/\/mppee.gob.ve\/?p=95212"},"modified":"2025-03-06T22:05:56","modified_gmt":"2025-03-06T22:05:56","slug":"corpoelec-atendera-a-usuarios-tachirenses-con-jornadas-integrales","status":"publish","type":"post","link":"https:\/\/mppee.gob.ve\/?p=95212","title":{"rendered":"Corpoelec atender\u00e1 a usuarios tachirenses con jornadas integrales"},"content":{"rendered":"\n<p><strong>Estado T\u00e1chira.- <\/strong>La clase trabajadora de la Corporaci\u00f3n El\u00e9ctrica Nacional (Corpoelec), se desplegar\u00e1 los d\u00edas viernes 07 y s\u00e1bado 08 de marzo, en 17 municipios del estado T\u00e1chira, para beneficiar a usuarios con jornadas integrales.<\/p>\n\n\n\n<p>Estas jornadas permitir\u00e1n a los usuarios realizar verificaci\u00f3n de conexiones, actualizaci\u00f3n de datos, notificaci\u00f3n de deuda, recepci\u00f3n de reclamos, asesor\u00eda de pago por Banca en L\u00ednea y pago de factura, bajo la modalidad de puntos de venta.<\/p>\n\n\n\n<p>Los agentes comerciales, a trav\u00e9s de los Centros de Atenci\u00f3n al Usuario (CIAU), atender\u00e1n desde las 9:00 de la ma\u00f1ana hasta las 4:00 de la tarde en los siguientes municipios:<\/p>\n\n\n\n<p>&#8211; Garc\u00eda de Hev\u00eda: La Fr\u00eda carrera 3 y el Casco central.<\/p>\n\n\n\n<p>&#8211; C\u00f3rdoba: El Casco Central.<\/p>\n\n\n\n<p>&#8211; Bol\u00edvar: Sector Cementerio y Cayetano Redondo.<\/p>\n\n\n\n<p>&#8211; Uribante: Boca de Monte.<\/p>\n\n\n\n<p>&#8211; Ure\u00f1a: Sector El Caney.<\/p>\n\n\n\n<p>&#8211; Jauregui: El Poblado.<\/p>\n\n\n\n<p>&#8211; Sucre: aldea Colinas de Q.<\/p>\n\n\n\n<p>&#8211; &nbsp;Libertador: El Centro.<\/p>\n\n\n\n<p>&#8211; &nbsp;Ayacucho: El Centro.<\/p>\n\n\n\n<p>&#8211; San Crist\u00f3bal: Avenida Libertador, S\u00e9ptima Avenida, Las Acacias, Barrio El Carmen.<\/p>\n\n\n\n<p>&#8211; Panamericano: Carrera 10.<\/p>\n\n\n\n<p>&#8211; Independencia: Sector Salado Negro.<\/p>\n\n\n\n<p>&#8211; Rafael Urdaneta: Sector Coromoto.<\/p>\n\n\n\n<p>&#8211; Jun\u00edn: Vega La Pipa, Calle Principal.<\/p>\n\n\n\n<p>&#8211; C\u00e1rdenas: Casco Central de T\u00e1riba.<\/p>\n\n\n\n<p>&#8211; Antonio R\u00f3mulo Costa: Las Mesas de Seboruco.<\/p>\n\n\n\n<p>Para mayor informaci\u00f3n sobre las Jornadas Integrales de Atenci\u00f3n al Usuario, puede visitar la cuenta @corpoelecinfo en la red social Instagram.<\/p>\n\n\n\n<p><strong>Prensa MPPEE-Corpoelec<\/strong><\/p>\n","protected":false},"excerpt":{"rendered":"<p>Estado T\u00e1chira.- La clase trabajadora de la Corporaci\u00f3n El\u00e9ctrica Nacional (Corpoelec), se desplegar\u00e1 los d\u00edas viernes 07 y s\u00e1bado 08<\/p>\n","protected":false},"author":24,"featured_media":92813,"comment_status":"closed","ping_status":"closed","sticky":false,"template":"","format":"standard","meta":{"footnotes":""},"categories":[1,30],"tags":[2691,11,2744,2700,46],"class_list":["post-95212","post","type-post","status-publish","format-standard","has-post-thumbnail","hentry","category-mppee","category-regionales","tag-corpoelec","tag-mppee","tag-sen","tag-tachira","tag-venezuela"],"_links":{"self":[{"href":"https:\/\/mppee.gob.ve\/index.php?rest_route=\/wp\/v2\/posts\/95212","targetHints":{"allow":["GET"]}}],"collection":[{"href":"https:\/\/mppee.gob.ve\/index.php?rest_route=\/wp\/v2\/posts"}],"about":[{"href":"https:\/\/mppee.gob.ve\/index.php?rest_route=\/wp\/v2\/types\/post"}],"author":[{"embeddable":true,"href":"https:\/\/mppee.gob.ve\/index.php?rest_route=\/wp\/v2\/users\/24"}],"replies":[{"embeddable":true,"href":"https:\/\/mppee.gob.ve\/index.php?rest_route=%2Fwp%2Fv2%2Fcomments&post=95212"}],"version-history":[{"count":1,"href":"https:\/\/mppee.gob.ve\/index.php?rest_route=\/wp\/v2\/posts\/95212\/revisions"}],"predecessor-version":[{"id":95213,"href":"https:\/\/mppee.gob.ve\/index.php?rest_route=\/wp\/v2\/posts\/95212\/revisions\/95213"}],"wp:featuredmedia":[{"embeddable":true,"href":"https:\/\/mppee.gob.ve\/index.php?rest_route=\/wp\/v2\/media\/92813"}],"wp:attachment":[{"href":"https:\/\/mppee.gob.ve\/index.php?rest_route=%2Fwp%2Fv2%2Fmedia&parent=95212"}],"wp:term":[{"taxonomy":"category","embeddable":true,"href":"https:\/\/mppee.gob.ve\/index.php?rest_route=%2Fwp%2Fv2%2Fcategories&post=95212"},{"taxonomy":"post_tag","embeddable":true,"href":"https:\/\/mppee.gob.ve\/index.php?rest_route=%2Fwp%2Fv2%2Ftags&post=95212"}],"curies":[{"name":"wp","href":"https:\/\/api.w.org\/{rel}","templated":true}]}}