{"id":95216,"date":"2025-03-07T13:08:51","date_gmt":"2025-03-07T13:08:51","guid":{"rendered":"http:\/\/mppee.gob.ve\/?p=95216"},"modified":"2025-03-07T13:08:53","modified_gmt":"2025-03-07T13:08:53","slug":"corpoelec-realizara-jornadas-integrales-de-atencion-al-usuario-en-apure","status":"publish","type":"post","link":"https:\/\/mppee.gob.ve\/?p=95216","title":{"rendered":"Corpoelec realizar\u00e1 Jornadas Integrales de Atenci\u00f3n al Usuario en Apure"},"content":{"rendered":"\n<p><strong>Estado Apure.-<\/strong> El personal de la Corporaci\u00f3n El\u00e9ctrica Nacional (Corpoelec) llevar\u00e1 a cabo este s\u00e1bado 08 de marzo, Jornadas Integrales de Atenci\u00f3n al Usuario en las parroquias San Fernando, Biruaca, Achaguas, Mantecal, Elorza, Guasdualito y San Camilo, en el estado Apure.<\/p>\n\n\n\n<p>El abordaje a estas comunidades permitir\u00e1 que los usuarios realicen verificaci\u00f3n de conexiones, actualizaci\u00f3n de datos, notificaci\u00f3n de deuda, recepci\u00f3n de reclamos, asesor\u00eda de cancelaci\u00f3n por Banca en L\u00ednea y el pago de la factura a trav\u00e9s de los puntos de ventas autorizados.<\/p>\n\n\n\n<p>Los agentes comerciales laborar\u00e1n desde las 8:00 de la ma\u00f1ana hasta las 2:00 de la tarde en las siguientes direcciones:<\/p>\n\n\n\n<p>&#8211; Concha Ac\u00fastica del Boulevard de San Fernando, parroquia San Fernando, municipio San Fernando.<\/p>\n\n\n\n<p>&#8211; Urbanizaci\u00f3n El Merecure, parroquia Biruaca, municipio Biruaca.<\/p>\n\n\n\n<p>&#8211; Urbanizaci\u00f3n La Malvita, parroquia Achaguas, municipio Achaguas.<\/p>\n\n\n\n<p>&#8211; Avenida Libertador, parroquia Mantecal, municipio Mu\u00f1oz.<\/p>\n\n\n\n<p>&#8211; Sector Garraf\u00f3n I, parroquia Elorza, municipio R\u00f3mulo Gallegos.<\/p>\n\n\n\n<p>&#8211; Urbanizaci\u00f3n Francisco Sol\u00f3rzano, parroquia Guasdualito, municipio P\u00e1ez.<\/p>\n\n\n\n<p>&#8211; Calle Mari\u00f1o, urbanizaci\u00f3n La Palmas, parroquia San Camilo, municipio P\u00e1ez.<\/p>\n\n\n\n<p>Para m\u00e1s informaci\u00f3n sobre las Jornadas Integrales de Atenci\u00f3n al Usuario, visita la cuenta oficial en la red social Instagram de @corpoelecinfo.<\/p>\n\n\n\n<p><strong>Prensa MPPEE-Corpoelec<\/strong><\/p>\n\n\n\n<p><\/p>\n","protected":false},"excerpt":{"rendered":"<p>Estado Apure.- El personal de la Corporaci\u00f3n El\u00e9ctrica Nacional (Corpoelec) llevar\u00e1 a cabo este s\u00e1bado 08 de marzo, Jornadas Integrales<\/p>\n","protected":false},"author":24,"featured_media":93747,"comment_status":"closed","ping_status":"closed","sticky":false,"template":"","format":"standard","meta":{"footnotes":""},"categories":[1,30],"tags":[2722,2691,11,2744,46],"class_list":["post-95216","post","type-post","status-publish","format-standard","has-post-thumbnail","hentry","category-mppee","category-regionales","tag-apure","tag-corpoelec","tag-mppee","tag-sen","tag-venezuela"],"_links":{"self":[{"href":"https:\/\/mppee.gob.ve\/index.php?rest_route=\/wp\/v2\/posts\/95216","targetHints":{"allow":["GET"]}}],"collection":[{"href":"https:\/\/mppee.gob.ve\/index.php?rest_route=\/wp\/v2\/posts"}],"about":[{"href":"https:\/\/mppee.gob.ve\/index.php?rest_route=\/wp\/v2\/types\/post"}],"author":[{"embeddable":true,"href":"https:\/\/mppee.gob.ve\/index.php?rest_route=\/wp\/v2\/users\/24"}],"replies":[{"embeddable":true,"href":"https:\/\/mppee.gob.ve\/index.php?rest_route=%2Fwp%2Fv2%2Fcomments&post=95216"}],"version-history":[{"count":1,"href":"https:\/\/mppee.gob.ve\/index.php?rest_route=\/wp\/v2\/posts\/95216\/revisions"}],"predecessor-version":[{"id":95217,"href":"https:\/\/mppee.gob.ve\/index.php?rest_route=\/wp\/v2\/posts\/95216\/revisions\/95217"}],"wp:featuredmedia":[{"embeddable":true,"href":"https:\/\/mppee.gob.ve\/index.php?rest_route=\/wp\/v2\/media\/93747"}],"wp:attachment":[{"href":"https:\/\/mppee.gob.ve\/index.php?rest_route=%2Fwp%2Fv2%2Fmedia&parent=95216"}],"wp:term":[{"taxonomy":"category","embeddable":true,"href":"https:\/\/mppee.gob.ve\/index.php?rest_route=%2Fwp%2Fv2%2Fcategories&post=95216"},{"taxonomy":"post_tag","embeddable":true,"href":"https:\/\/mppee.gob.ve\/index.php?rest_route=%2Fwp%2Fv2%2Ftags&post=95216"}],"curies":[{"name":"wp","href":"https:\/\/api.w.org\/{rel}","templated":true}]}}