{"id":95221,"date":"2025-03-07T14:30:24","date_gmt":"2025-03-07T14:30:24","guid":{"rendered":"http:\/\/mppee.gob.ve\/?p=95221"},"modified":"2025-03-07T14:30:26","modified_gmt":"2025-03-07T14:30:26","slug":"usuarios-cojedenos-seran-atendidos-en-jornadas-integrales","status":"publish","type":"post","link":"https:\/\/mppee.gob.ve\/?p=95221","title":{"rendered":"Usuarios cojede\u00f1os ser\u00e1n atendidos en jornadas integrales"},"content":{"rendered":"\n<p><strong>Estado Cojedes.- <\/strong>Este s\u00e1bado 08 de marzo, la clase trabajadora de la Corporaci\u00f3n El\u00e9ctrica Nacional (Corpoelec) realizar\u00e1 Jornadas Integrales de Atenci\u00f3n al Usuario, en diferentes municipios del estado Cojedes, con el objetivo de brindar a los ciudadanos la asesor\u00eda necesaria para realizar tr\u00e1mites relacionados con el servicio de energ\u00eda.<\/p>\n\n\n\n<p>Corpoelec dispondr\u00e1 de stands donde los interesados podr\u00e1n actualizar datos, recibir notificaci\u00f3n de deudas, registrar requerimientos y pagar sus facturas a trav\u00e9s de los puntos de venta autorizado.<\/p>\n\n\n\n<p>Las jornadas tendr\u00e1n un horario desde las 8:00 de la ma\u00f1ana hasta las 12:00 de la tarde.<\/p>\n\n\n\n<p>A continuaci\u00f3n, conozca los sectores donde estar\u00e1n ubicados los stands:<\/p>\n\n\n\n<p>&#8211; Sector Bocatoma, parroquia San Carlos de Austria, municipio Ezequiel Zamora.<\/p>\n\n\n\n<p>&#8211; Avenida Bol\u00edvar entre calle Urdaneta y Socorro, parroquia Tinaquillo, municipio Tinaquillo.<\/p>\n\n\n\n<p>&#8211; Sector Menca de Leoni, parroquia Jos\u00e9 Laurencio Silva, municipio Tinaco.<\/p>\n\n\n\n<p>&#8211; Sector Don Bosco, calle Sucre, calle Girardot, parroquia El Ba\u00fal, municipio Girardot.<\/p>\n\n\n\n<p>Para mayor informaci\u00f3n sobre las Jornadas Integrales de Atenci\u00f3n al Usuario, puede visitar la cuenta oficial @corpoelecinfo en la red social Instagram.<\/p>\n\n\n\n<p><strong>Prensa MPPEE-Corpoelec<\/strong><\/p>\n\n\n\n<p><\/p>\n","protected":false},"excerpt":{"rendered":"<p>Estado Cojedes.- Este s\u00e1bado 08 de marzo, la clase trabajadora de la Corporaci\u00f3n El\u00e9ctrica Nacional (Corpoelec) realizar\u00e1 Jornadas Integrales de<\/p>\n","protected":false},"author":24,"featured_media":93364,"comment_status":"closed","ping_status":"closed","sticky":false,"template":"","format":"standard","meta":{"footnotes":""},"categories":[1,30],"tags":[2710,2691,11,2744,46],"class_list":["post-95221","post","type-post","status-publish","format-standard","has-post-thumbnail","hentry","category-mppee","category-regionales","tag-cojedes","tag-corpoelec","tag-mppee","tag-sen","tag-venezuela"],"_links":{"self":[{"href":"https:\/\/mppee.gob.ve\/index.php?rest_route=\/wp\/v2\/posts\/95221","targetHints":{"allow":["GET"]}}],"collection":[{"href":"https:\/\/mppee.gob.ve\/index.php?rest_route=\/wp\/v2\/posts"}],"about":[{"href":"https:\/\/mppee.gob.ve\/index.php?rest_route=\/wp\/v2\/types\/post"}],"author":[{"embeddable":true,"href":"https:\/\/mppee.gob.ve\/index.php?rest_route=\/wp\/v2\/users\/24"}],"replies":[{"embeddable":true,"href":"https:\/\/mppee.gob.ve\/index.php?rest_route=%2Fwp%2Fv2%2Fcomments&post=95221"}],"version-history":[{"count":1,"href":"https:\/\/mppee.gob.ve\/index.php?rest_route=\/wp\/v2\/posts\/95221\/revisions"}],"predecessor-version":[{"id":95222,"href":"https:\/\/mppee.gob.ve\/index.php?rest_route=\/wp\/v2\/posts\/95221\/revisions\/95222"}],"wp:featuredmedia":[{"embeddable":true,"href":"https:\/\/mppee.gob.ve\/index.php?rest_route=\/wp\/v2\/media\/93364"}],"wp:attachment":[{"href":"https:\/\/mppee.gob.ve\/index.php?rest_route=%2Fwp%2Fv2%2Fmedia&parent=95221"}],"wp:term":[{"taxonomy":"category","embeddable":true,"href":"https:\/\/mppee.gob.ve\/index.php?rest_route=%2Fwp%2Fv2%2Fcategories&post=95221"},{"taxonomy":"post_tag","embeddable":true,"href":"https:\/\/mppee.gob.ve\/index.php?rest_route=%2Fwp%2Fv2%2Ftags&post=95221"}],"curies":[{"name":"wp","href":"https:\/\/api.w.org\/{rel}","templated":true}]}}