{"id":95224,"date":"2025-03-07T15:34:11","date_gmt":"2025-03-07T15:34:11","guid":{"rendered":"http:\/\/mppee.gob.ve\/?p=95224"},"modified":"2025-03-07T15:34:13","modified_gmt":"2025-03-07T15:34:13","slug":"seminario-sobre-ecoenergia-se-realiza-en-caracas","status":"publish","type":"post","link":"https:\/\/mppee.gob.ve\/?p=95224","title":{"rendered":"Seminario sobre Ecoenerg\u00eda se realiza en Caracas\u00a0\u00a0"},"content":{"rendered":"\n<p><strong>San Bernardino, Caracas.-<\/strong>&nbsp;Para continuar honrando el programa de trabajo construido por las bases populares y consolidadas en el Plan de la Patria 7T, el Ministerio del Poder Popular para la Energ\u00eda El\u00e9ctrica (MPPEE), realiza este viernes un seminario sobre Ecoenerg\u00eda, a prop\u00f3sito del D\u00eda Mundial de la Eficiencia Energ\u00e9tica.<\/p>\n\n\n\n<p>En la serie de conferencias que se llevar\u00e1n a cabo en el auditorio del MPPEE, bajo la gu\u00eda del Viceministerio para Nuevas Fuentes y Uso Racional y Eficiente de la Energ\u00eda El\u00e9ctrica, los exponentes abordar\u00e1n diversos temas del \u00e1rea ecoenerg\u00e9tica enfocados en la 2T de las 7 Transformaciones, denominada: Ciudad humana para el Buen Vivir, Servicios P\u00fablicos e Infraestructura.<\/p>\n\n\n\n<p>Mailing Perdomo, arquitecta y profesora de la Facultad de Arquitectura de la Universidad Central de Venezuela (UCV), refiere que estas conferencias tienen el prop\u00f3sito de generar conocimientos en distintas \u00e1reas para avanzar hacia una verdadera eficiencia energ\u00e9tica.<\/p>\n\n\n\n<p>Al respecto, precis\u00f3 que en la conferencia: \u201cLa Vivienda Energ\u00e9ticamente Eficiente: Dise\u00f1o y Gesti\u00f3n para Edificaciones Eficientes\u201d, se ahonda \u201cen la explicaci\u00f3n que permita impulsar el mayor c\u00famulo de investigadores y adem\u00e1s compartir informaci\u00f3n que llegue a las comunidades, consejos comunales y todas las instancias de Gobierno con el fin de que sea aplicado en el territorio\u201d.<\/p>\n\n\n\n<p>Para Ernesto Lorenzo, arquitecto y doctor en Desarrollo Sostenible del Instituto de Desarrollo Experimental de la Construcci\u00f3n (IDEC) de la UCV, su ponencia profundizar\u00e1 en la relaci\u00f3n existente entre la arquitectura y la eficiencia energ\u00e9tica.<\/p>\n\n\n\n<p>\u201cVamos a exponer aspectos como el dise\u00f1o bioclim\u00e1tico, el desarrollo sostenible y todas las implicaciones que tiene la arquitectura en ellos\u201d, enfatiz\u00f3.<\/p>\n\n\n\n<p><strong>Conferencias con prop\u00f3sito Ecoenerg\u00e9tico<\/strong><\/p>\n\n\n\n<p>La actividad \u201cLa Ciudad Humana para el Buen Vivir: Un enfoque Ecoenerg\u00e9tico\u201d, da la bienvenida a los participantes a partir de las 9:15&nbsp;de la ma\u00f1ana con la conferencia: \u201cLa mujer es energ\u00eda\u201d, a cargo de la educadora Marubi Arcas.<\/p>\n\n\n\n<p>El ciclo continua a las 9:30&nbsp;con el ingeniero Pedro Sallent de la Organizaci\u00f3n de las Naciones Unidas para el Desarrollo Industrial (ONUDI), hablar\u00e1 sobre los \u201cGases Aprobados en la enmienda de Kigali y la Eficiencia Energ\u00e9tica en Refrigeraci\u00f3n Industrial\u201d.<\/p>\n\n\n\n<p>A las 9:45&nbsp;de la ma\u00f1ana, el conferencista Luis Avenda\u00f1o, del Servicio Desconcentrado de Normalizaci\u00f3n, Calidad, Metrolog\u00eda y Reglamentos T\u00e9cnicos (Sencamer) explica sobre: \u201cLos Reglamentos T\u00e9cnicos de Eficiencia Energ\u00e9tica en Electrodom\u00e9sticos y su Impacto en el Consumo El\u00e9ctrico\u201d.<\/p>\n\n\n\n<p>A partir de las 10:00&nbsp;de la ma\u00f1ana, los participantes recibir\u00e1n informaci\u00f3n sobre la \u201cEficiencia Energ\u00e9tica en el Bombillo LED de Vietven Iluminaciones\u201d a cargo del Coronel Jos\u00e9 Cabrices, Vietven Iluminaciones y el ingeniero Alexis Glod de la Fundaci\u00f3n Instituto para el Desarrollo Energ\u00e9tico Luis Zambrano (Fidelz).<\/p>\n\n\n\n<p>Para las 10:15, se dar\u00e1 paso a la conferencia: \u201cLa Vivienda Energ\u00e9ticamente Eficiente: Dise\u00f1o y Gesti\u00f3n para Edificaciones Eficientes\u201d, dictada por la arquitecta Mailing Perdomo y el doctor Ernesto Lorenzo del IDEC de la UCV.<\/p>\n\n\n\n<p>A continuaci\u00f3n, a las 10:30, se dar\u00e1 la conferencia: \u201cLa Educaci\u00f3n Ambiental en el Marco de la Eficiencia Energ\u00e9tica\u201d, expuesta por licenciado Kenny Mora del Poder Popular para la Educaci\u00f3n (MPPE).<\/p>\n\n\n\n<p>Finalmente, a las 10:45&nbsp;de la ma\u00f1ana, la conferencia \u201cEficiencia Energ\u00e9tica hacia la Ciudad Humana para el Buen Vivir con enfoque Ecoenerg\u00e9tico\u201d, dictada por el ingeniero Ram\u00f3n Quintero de la Direcci\u00f3n General de Uso Racional y Eficiente de la Energ\u00eda y el licenciado Edison Mayorga.<\/p>\n\n\n\n<p>La bienvenida a la actividad est\u00e1 a cargo de la viceministra para Nuevas Fuentes y Uso Racional y Eficiente de la Energ\u00eda El\u00e9ctrica, Tania Masea.<\/p>\n\n\n\n<p>El evento adem\u00e1s cuenta con la presencia de invitados especiales, entre los que destacan: Tatiana Pugh, viceministra para Asia, Medio Oriente y Ocean\u00eda, Jacqueline Faria, presidenta de la Gran Misi\u00f3n Venezuela Bella y Reidy Zambrano, presidente del Instituto Nacional de Meteorolog\u00eda e Hidrolog\u00eda (Inameh), entre otras autoridades.<\/p>\n\n\n\n<p><strong>Prensa MPPEE-Corpoelec \/ Rosiris Ortega<\/strong><\/p>\n","protected":false},"excerpt":{"rendered":"<p>San Bernardino, Caracas.-&nbsp;Para continuar honrando el programa de trabajo construido por las bases populares y consolidadas en el Plan de<\/p>\n","protected":false},"author":24,"featured_media":95225,"comment_status":"closed","ping_status":"closed","sticky":false,"template":"","format":"standard","meta":{"footnotes":""},"categories":[1,8],"tags":[2945,2944,11],"class_list":["post-95224","post","type-post","status-publish","format-standard","has-post-thumbnail","hentry","category-mppee","category-uso-eficiente-de-la-energia","tag-ciudad-humana-para-el-buen-vivir","tag-ecoenergia","tag-mppee"],"_links":{"self":[{"href":"https:\/\/mppee.gob.ve\/index.php?rest_route=\/wp\/v2\/posts\/95224","targetHints":{"allow":["GET"]}}],"collection":[{"href":"https:\/\/mppee.gob.ve\/index.php?rest_route=\/wp\/v2\/posts"}],"about":[{"href":"https:\/\/mppee.gob.ve\/index.php?rest_route=\/wp\/v2\/types\/post"}],"author":[{"embeddable":true,"href":"https:\/\/mppee.gob.ve\/index.php?rest_route=\/wp\/v2\/users\/24"}],"replies":[{"embeddable":true,"href":"https:\/\/mppee.gob.ve\/index.php?rest_route=%2Fwp%2Fv2%2Fcomments&post=95224"}],"version-history":[{"count":1,"href":"https:\/\/mppee.gob.ve\/index.php?rest_route=\/wp\/v2\/posts\/95224\/revisions"}],"predecessor-version":[{"id":95226,"href":"https:\/\/mppee.gob.ve\/index.php?rest_route=\/wp\/v2\/posts\/95224\/revisions\/95226"}],"wp:featuredmedia":[{"embeddable":true,"href":"https:\/\/mppee.gob.ve\/index.php?rest_route=\/wp\/v2\/media\/95225"}],"wp:attachment":[{"href":"https:\/\/mppee.gob.ve\/index.php?rest_route=%2Fwp%2Fv2%2Fmedia&parent=95224"}],"wp:term":[{"taxonomy":"category","embeddable":true,"href":"https:\/\/mppee.gob.ve\/index.php?rest_route=%2Fwp%2Fv2%2Fcategories&post=95224"},{"taxonomy":"post_tag","embeddable":true,"href":"https:\/\/mppee.gob.ve\/index.php?rest_route=%2Fwp%2Fv2%2Ftags&post=95224"}],"curies":[{"name":"wp","href":"https:\/\/api.w.org\/{rel}","templated":true}]}}