{"id":95229,"date":"2025-03-07T15:59:45","date_gmt":"2025-03-07T15:59:45","guid":{"rendered":"http:\/\/mppee.gob.ve\/?p=95229"},"modified":"2025-03-07T15:59:47","modified_gmt":"2025-03-07T15:59:47","slug":"instalan-70-medidores-en-parroquias-larenses","status":"publish","type":"post","link":"https:\/\/mppee.gob.ve\/?p=95229","title":{"rendered":"Instalan 70 medidores en parroquias larenses"},"content":{"rendered":"\n<p><strong>Municipio Iribarren, estado Lara.-<\/strong> Para avanzar en la mejora de la calidad del servicio el\u00e9ctrico y contribuir a fomentar el uso responsable de la energ\u00eda, personal de la Corporaci\u00f3n El\u00e9ctrica Nacional (Corpoelec), instal\u00f3 70 medidores en tres parroquias del municipio Iribarren del estado Lara.<\/p>\n\n\n\n<p>La iniciativa, desplegada por la Unidad de Gesti\u00f3n T\u00e9cnica de la Gerencia de Comercializaci\u00f3n, comprendi\u00f3 la colocaci\u00f3n de aparatos de registro de consumo de luz el\u00e9ctrica de \u00faltima generaci\u00f3n, activaci\u00f3n de nuevos suministros y cambio de voltaje en las parroquias Ana Soto, Catedral y Tamaca.<\/p>\n\n\n\n<p>La instalaci\u00f3n de estos equipos de medici\u00f3n el\u00e9ctrica, beneficia a m\u00e1s de 325 personas y les permite tener un mayor control sobre su consumo de energ\u00eda, adem\u00e1s de promover pr\u00e1cticas conscientes sobre el responsable y eficiente manejo del servicio el\u00e9ctrico.<\/p>\n\n\n\n<p>Cabe destacar que, estas jornadas en el contexto del Plan Nacional de Instalaci\u00f3n de Medidores, garantizan a las usuarias y usuarios conocer el consumo exacto de energ\u00eda en sus hogares, as\u00ed como tambi\u00e9n fomentan el pago de la factura de servicio el\u00e9ctrico.<\/p>\n\n\n\n<p><strong>Prensa MPPEE-Corpoelec<\/strong><\/p>\n","protected":false},"excerpt":{"rendered":"<p>Municipio Iribarren, estado Lara.- Para avanzar en la mejora de la calidad del servicio el\u00e9ctrico y contribuir a fomentar el<\/p>\n","protected":false},"author":24,"featured_media":95230,"comment_status":"closed","ping_status":"closed","sticky":false,"template":"","format":"standard","meta":{"footnotes":""},"categories":[1,30],"tags":[2691,2690,11,2744,46],"class_list":["post-95229","post","type-post","status-publish","format-standard","has-post-thumbnail","hentry","category-mppee","category-regionales","tag-corpoelec","tag-lara","tag-mppee","tag-sen","tag-venezuela"],"_links":{"self":[{"href":"https:\/\/mppee.gob.ve\/index.php?rest_route=\/wp\/v2\/posts\/95229","targetHints":{"allow":["GET"]}}],"collection":[{"href":"https:\/\/mppee.gob.ve\/index.php?rest_route=\/wp\/v2\/posts"}],"about":[{"href":"https:\/\/mppee.gob.ve\/index.php?rest_route=\/wp\/v2\/types\/post"}],"author":[{"embeddable":true,"href":"https:\/\/mppee.gob.ve\/index.php?rest_route=\/wp\/v2\/users\/24"}],"replies":[{"embeddable":true,"href":"https:\/\/mppee.gob.ve\/index.php?rest_route=%2Fwp%2Fv2%2Fcomments&post=95229"}],"version-history":[{"count":1,"href":"https:\/\/mppee.gob.ve\/index.php?rest_route=\/wp\/v2\/posts\/95229\/revisions"}],"predecessor-version":[{"id":95231,"href":"https:\/\/mppee.gob.ve\/index.php?rest_route=\/wp\/v2\/posts\/95229\/revisions\/95231"}],"wp:featuredmedia":[{"embeddable":true,"href":"https:\/\/mppee.gob.ve\/index.php?rest_route=\/wp\/v2\/media\/95230"}],"wp:attachment":[{"href":"https:\/\/mppee.gob.ve\/index.php?rest_route=%2Fwp%2Fv2%2Fmedia&parent=95229"}],"wp:term":[{"taxonomy":"category","embeddable":true,"href":"https:\/\/mppee.gob.ve\/index.php?rest_route=%2Fwp%2Fv2%2Fcategories&post=95229"},{"taxonomy":"post_tag","embeddable":true,"href":"https:\/\/mppee.gob.ve\/index.php?rest_route=%2Fwp%2Fv2%2Ftags&post=95229"}],"curies":[{"name":"wp","href":"https:\/\/api.w.org\/{rel}","templated":true}]}}