{"id":95242,"date":"2025-03-07T22:26:38","date_gmt":"2025-03-07T22:26:38","guid":{"rendered":"http:\/\/mppee.gob.ve\/?p=95242"},"modified":"2025-03-07T22:26:41","modified_gmt":"2025-03-07T22:26:41","slug":"sencamer-impulsa-reglamentos-tecnicos-para-fortalecer-el-sen","status":"publish","type":"post","link":"https:\/\/mppee.gob.ve\/?p=95242","title":{"rendered":"Sencamer impulsa reglamentos t\u00e9cnicos para fortalecer el SEN"},"content":{"rendered":"\n<p><strong> San Bernardino, Caracas.-<\/strong> Como parte del D\u00eda Mundial de la Eficiencia Energ\u00e9tica, el Ministerio del Poder Popular para la Energ\u00eda El\u00e9ctrica (MPPEE), realiz\u00f3 el Seminario \u201cLa Ciudad Humana para el Buen Vivir: Un enfoque Ecoenerg\u00e9tico\u201d, en aras de impulsar el conocimiento en \u00e1reas estrat\u00e9gicas como lo es el Sistema El\u00e9ctrico Nacional (SEN). <\/p>\n\n\n\n<p>En este sentido, el Servicio Desconcentrado de Normalizaci\u00f3n, Calidad, Metrolog\u00eda y Reglamentaci\u00f3n T\u00e9cnicos (Sencamer), ente adscrito al Ministerio del Poder Popular de Comercio Nacional, present\u00f3 la ponencia \u201cReglamentos T\u00e9cnicos de Eficiencia Energ\u00e9tica en Electrodom\u00e9sticos y su Impacto en el Consumo El\u00e9ctrico\u201d.<\/p>\n\n\n\n<p> Luis Avenda\u00f1o, ponente y representante de la instituci\u00f3n, explic\u00f3 que Sencamer y el MPPEE, elaboran reglamentos que apuntan a garantizar la seguridad el\u00e9ctrica en equipos del hogar. <\/p>\n\n\n\n<p>Igualmente, destac\u00f3 los procesos de organizaci\u00f3n, reglamentaci\u00f3n y marco legal que se debe aplicar para la elaboraci\u00f3n de publicaciones y registros necesarios, dirigidos al MPPEE y sus entes adscritos. <\/p>\n\n\n\n<p>Avenda\u00f1o puntualiz\u00f3 que, el impacto que tienen estas regulaciones en el sistema el\u00e9ctrico es \u201cprincipalmente poder desarrollar la necesidad de usar nuevas tecnolog\u00edas que sean m\u00e1s eficientes, y gradualmente migrar a estos equipos que generen menos consumo y que nos ayuden a proteger el Sistema\u201d. <\/p>\n\n\n\n<p><strong>Prensa MPPEE-Corpoelec \/ Lyan Pe\u00f1aloza<\/strong><\/p>\n","protected":false},"excerpt":{"rendered":"<p>San Bernardino, Caracas.- Como parte del D\u00eda Mundial de la Eficiencia Energ\u00e9tica, el Ministerio del Poder Popular para la Energ\u00eda<\/p>\n","protected":false},"author":22,"featured_media":95243,"comment_status":"closed","ping_status":"closed","sticky":false,"template":"","format":"standard","meta":{"footnotes":""},"categories":[30,7,8],"tags":[2691,11,2744,46],"class_list":["post-95242","post","type-post","status-publish","format-standard","has-post-thumbnail","hentry","category-regionales","category-sen","category-uso-eficiente-de-la-energia","tag-corpoelec","tag-mppee","tag-sen","tag-venezuela"],"_links":{"self":[{"href":"https:\/\/mppee.gob.ve\/index.php?rest_route=\/wp\/v2\/posts\/95242","targetHints":{"allow":["GET"]}}],"collection":[{"href":"https:\/\/mppee.gob.ve\/index.php?rest_route=\/wp\/v2\/posts"}],"about":[{"href":"https:\/\/mppee.gob.ve\/index.php?rest_route=\/wp\/v2\/types\/post"}],"author":[{"embeddable":true,"href":"https:\/\/mppee.gob.ve\/index.php?rest_route=\/wp\/v2\/users\/22"}],"replies":[{"embeddable":true,"href":"https:\/\/mppee.gob.ve\/index.php?rest_route=%2Fwp%2Fv2%2Fcomments&post=95242"}],"version-history":[{"count":1,"href":"https:\/\/mppee.gob.ve\/index.php?rest_route=\/wp\/v2\/posts\/95242\/revisions"}],"predecessor-version":[{"id":95244,"href":"https:\/\/mppee.gob.ve\/index.php?rest_route=\/wp\/v2\/posts\/95242\/revisions\/95244"}],"wp:featuredmedia":[{"embeddable":true,"href":"https:\/\/mppee.gob.ve\/index.php?rest_route=\/wp\/v2\/media\/95243"}],"wp:attachment":[{"href":"https:\/\/mppee.gob.ve\/index.php?rest_route=%2Fwp%2Fv2%2Fmedia&parent=95242"}],"wp:term":[{"taxonomy":"category","embeddable":true,"href":"https:\/\/mppee.gob.ve\/index.php?rest_route=%2Fwp%2Fv2%2Fcategories&post=95242"},{"taxonomy":"post_tag","embeddable":true,"href":"https:\/\/mppee.gob.ve\/index.php?rest_route=%2Fwp%2Fv2%2Ftags&post=95242"}],"curies":[{"name":"wp","href":"https:\/\/api.w.org\/{rel}","templated":true}]}}