{"id":95301,"date":"2025-03-10T14:22:00","date_gmt":"2025-03-10T14:22:00","guid":{"rendered":"http:\/\/mppee.gob.ve\/?p=95301"},"modified":"2025-03-10T14:22:15","modified_gmt":"2025-03-10T14:22:15","slug":"usuarios-del-eje-valles-del-tuy-seran-atendidos-jornada-integral","status":"publish","type":"post","link":"https:\/\/mppee.gob.ve\/?p=95301","title":{"rendered":"Usuarios del eje Valles del Tuy ser\u00e1n atendidos en jornada integral"},"content":{"rendered":"\n<p><strong>Estado Miranda.- <\/strong>Este lunes 10 de marzo, la clase trabajadora de la Corporaci\u00f3n El\u00e9ctrica Nacional (Corpoelec) realizar\u00e1 una Jornada Integral de Atenci\u00f3n al Usuario en el eje Valles del Tuy, en el municipio Rafael Urdaneta del estado Miranda.<\/p>\n\n\n\n<p>En esta jornada, los usuarios tuyeros podr\u00e1n realizar actualizaci\u00f3n de datos, notificaci\u00f3n de deuda, asesor\u00eda de pago por Banca en L\u00ednea y pago de factura en tiempo real, siendo el punto de venta el \u00fanico m\u00e9todo de pago autorizado.<\/p>\n\n\n\n<p>La Jornada Integral de Atenci\u00f3n al Usuario ser\u00e1 realizada en la avenida Perimetral, Residencia Central, planta baja, en un horario comprendido desde las 09:00 de la ma\u00f1ana hasta las 02:00 de la tarde.<\/p>\n\n\n\n<p>Para mayor informaci\u00f3n sobre las Jornadas Integrales de Atenci\u00f3n al Usuario, puede visitar la cuenta @corpoelecinfo en la red social.<\/p>\n\n\n\n<p><strong>Prensa MPPEE-Corpoelec<\/strong><\/p>\n","protected":false},"excerpt":{"rendered":"<p>Estado Miranda.- Este lunes 10 de marzo, la clase trabajadora de la Corporaci\u00f3n El\u00e9ctrica Nacional (Corpoelec) realizar\u00e1 una Jornada Integral<\/p>\n","protected":false},"author":24,"featured_media":92928,"comment_status":"closed","ping_status":"closed","sticky":false,"template":"","format":"standard","meta":{"footnotes":""},"categories":[1,30],"tags":[2691,2709,11,2744,46],"class_list":["post-95301","post","type-post","status-publish","format-standard","has-post-thumbnail","hentry","category-mppee","category-regionales","tag-corpoelec","tag-miranda","tag-mppee","tag-sen","tag-venezuela"],"_links":{"self":[{"href":"https:\/\/mppee.gob.ve\/index.php?rest_route=\/wp\/v2\/posts\/95301","targetHints":{"allow":["GET"]}}],"collection":[{"href":"https:\/\/mppee.gob.ve\/index.php?rest_route=\/wp\/v2\/posts"}],"about":[{"href":"https:\/\/mppee.gob.ve\/index.php?rest_route=\/wp\/v2\/types\/post"}],"author":[{"embeddable":true,"href":"https:\/\/mppee.gob.ve\/index.php?rest_route=\/wp\/v2\/users\/24"}],"replies":[{"embeddable":true,"href":"https:\/\/mppee.gob.ve\/index.php?rest_route=%2Fwp%2Fv2%2Fcomments&post=95301"}],"version-history":[{"count":2,"href":"https:\/\/mppee.gob.ve\/index.php?rest_route=\/wp\/v2\/posts\/95301\/revisions"}],"predecessor-version":[{"id":95303,"href":"https:\/\/mppee.gob.ve\/index.php?rest_route=\/wp\/v2\/posts\/95301\/revisions\/95303"}],"wp:featuredmedia":[{"embeddable":true,"href":"https:\/\/mppee.gob.ve\/index.php?rest_route=\/wp\/v2\/media\/92928"}],"wp:attachment":[{"href":"https:\/\/mppee.gob.ve\/index.php?rest_route=%2Fwp%2Fv2%2Fmedia&parent=95301"}],"wp:term":[{"taxonomy":"category","embeddable":true,"href":"https:\/\/mppee.gob.ve\/index.php?rest_route=%2Fwp%2Fv2%2Fcategories&post=95301"},{"taxonomy":"post_tag","embeddable":true,"href":"https:\/\/mppee.gob.ve\/index.php?rest_route=%2Fwp%2Fv2%2Ftags&post=95301"}],"curies":[{"name":"wp","href":"https:\/\/api.w.org\/{rel}","templated":true}]}}