{"id":95356,"date":"2025-03-12T14:45:51","date_gmt":"2025-03-12T14:45:51","guid":{"rendered":"http:\/\/mppee.gob.ve\/?p=95356"},"modified":"2025-03-12T14:45:53","modified_gmt":"2025-03-12T14:45:53","slug":"jornada-integral-atendera-a-usuarios-de-los-valles-del-tuy","status":"publish","type":"post","link":"https:\/\/mppee.gob.ve\/?p=95356","title":{"rendered":"Jornada Integral atender\u00e1 a usuarios de los Valles del Tuy"},"content":{"rendered":"\n<p><strong>Estado Miranda.-<\/strong> Este mi\u00e9rcoles 12 de marzo, los trabajadores y trabajadoras de la Corporaci\u00f3n El\u00e9ctrica Nacional Corpoelec) llevar\u00e1n a cabo una Jornada Integral de Atenci\u00f3n al Usuario en el eje Valles del Tuy, en el municipio Rafael Urdaneta del estado Miranda.<\/p>\n\n\n\n<p>Los usuarios y comerciantes podr\u00e1n realizar actualizaci\u00f3n de datos, notificaci\u00f3n de deuda, asesor\u00eda de pago por Banca en L\u00ednea y pago de factura en tiempo real, utilizando el punto de venta como \u00fanico m\u00e9todo de pago autorizado. <\/p>\n\n\n\n<p>La Jornada Integral de Atenci\u00f3n al Usuario ser\u00e1 realizada en la Avenida Principal Lecumberry, en un horario establecido entre las 09:00 de la ma\u00f1ana hasta las 02:00 de la tarde.<\/p>\n\n\n\n<p>Para mayor informaci\u00f3n sobre las Jornadas Integrales de Atenci\u00f3n al Usuario, puede visitar la cuenta @corpoelecinfo en la red social Instagram. <\/p>\n\n\n\n<p><strong>Prensa MPPEE-Corpoelec<\/strong><\/p>\n","protected":false},"excerpt":{"rendered":"<p>Estado Miranda.- Este mi\u00e9rcoles 12 de marzo, los trabajadores y trabajadoras de la Corporaci\u00f3n El\u00e9ctrica Nacional Corpoelec) llevar\u00e1n a cabo<\/p>\n","protected":false},"author":24,"featured_media":93747,"comment_status":"closed","ping_status":"closed","sticky":false,"template":"","format":"standard","meta":{"footnotes":""},"categories":[1,30],"tags":[2691,2709,11,2744,46],"class_list":["post-95356","post","type-post","status-publish","format-standard","has-post-thumbnail","hentry","category-mppee","category-regionales","tag-corpoelec","tag-miranda","tag-mppee","tag-sen","tag-venezuela"],"_links":{"self":[{"href":"https:\/\/mppee.gob.ve\/index.php?rest_route=\/wp\/v2\/posts\/95356","targetHints":{"allow":["GET"]}}],"collection":[{"href":"https:\/\/mppee.gob.ve\/index.php?rest_route=\/wp\/v2\/posts"}],"about":[{"href":"https:\/\/mppee.gob.ve\/index.php?rest_route=\/wp\/v2\/types\/post"}],"author":[{"embeddable":true,"href":"https:\/\/mppee.gob.ve\/index.php?rest_route=\/wp\/v2\/users\/24"}],"replies":[{"embeddable":true,"href":"https:\/\/mppee.gob.ve\/index.php?rest_route=%2Fwp%2Fv2%2Fcomments&post=95356"}],"version-history":[{"count":1,"href":"https:\/\/mppee.gob.ve\/index.php?rest_route=\/wp\/v2\/posts\/95356\/revisions"}],"predecessor-version":[{"id":95357,"href":"https:\/\/mppee.gob.ve\/index.php?rest_route=\/wp\/v2\/posts\/95356\/revisions\/95357"}],"wp:featuredmedia":[{"embeddable":true,"href":"https:\/\/mppee.gob.ve\/index.php?rest_route=\/wp\/v2\/media\/93747"}],"wp:attachment":[{"href":"https:\/\/mppee.gob.ve\/index.php?rest_route=%2Fwp%2Fv2%2Fmedia&parent=95356"}],"wp:term":[{"taxonomy":"category","embeddable":true,"href":"https:\/\/mppee.gob.ve\/index.php?rest_route=%2Fwp%2Fv2%2Fcategories&post=95356"},{"taxonomy":"post_tag","embeddable":true,"href":"https:\/\/mppee.gob.ve\/index.php?rest_route=%2Fwp%2Fv2%2Ftags&post=95356"}],"curies":[{"name":"wp","href":"https:\/\/api.w.org\/{rel}","templated":true}]}}