{"id":95361,"date":"2025-03-12T15:31:51","date_gmt":"2025-03-12T15:31:51","guid":{"rendered":"http:\/\/mppee.gob.ve\/?p=95361"},"modified":"2025-03-12T15:31:53","modified_gmt":"2025-03-12T15:31:53","slug":"corpoelec-realizara-jornadas-integrales-a-usuarios-sucrenses","status":"publish","type":"post","link":"https:\/\/mppee.gob.ve\/?p=95361","title":{"rendered":"Corpoelec realizar\u00e1 jornadas integrales a usuarios sucrenses"},"content":{"rendered":"\n<p><strong>Estado Sucre.- <\/strong>La clase trabajadora de la Corporaci\u00f3n El\u00e9ctrica Nacional (Corpoelec) llevar\u00e1 a cabo jornadas integrales de cobranza en los sectores residenciales y comerciales en el estado Sucre.<\/p>\n\n\n\n<p>Durante estas labores, los usuarios podr\u00e1n acceder a una variedad de servicios, como actualizaci\u00f3n de datos, notificaci\u00f3n de deudas y pago de facturas por conceptos de servicio el\u00e9ctrico.<\/p>\n\n\n\n<p>Para facilitar las transacciones, se dispondr\u00e1 de un punto de venta como m\u00e9todo \u00fanico de pago.<\/p>\n\n\n\n<p>Las jornadas residenciales se iniciar\u00e1n el mi\u00e9rcoles 12 de marzo, en un horario comprendido de 09:00 de la ma\u00f1ana hasta las 02:00 de la tarde en las urbanizaciones Nueva Cuman\u00e1 y Vela de Coro de la ciudad de Cuman\u00e1.<\/p>\n\n\n\n<p>El jueves 13 de marzo, en el mismo horario, se atender\u00e1n a los usuarios de las urbanizaciones Virgen del Carmen y Terrazas Cumanesas.<\/p>\n\n\n\n<p>Mientras que, el viernes 14 de marzo, la jornada estar\u00e1 dirigida a los habitantes de Villa Kamila y Villa Cari\u00f1o.<\/p>\n\n\n\n<p>Finalmente, el s\u00e1bado 15 de marzo, se brindar\u00e1 asesor\u00eda a los usuarios en las urbanizaciones Barrio Sucre, Ciudad Jard\u00edn y Nueva Toledo.<\/p>\n\n\n\n<p>Adem\u00e1s de las jornadas residenciales, Corpoelec tambi\u00e9n efectuar\u00e1 jornadas de cobranza dirigidas a los comercios, desde el jueves 13 al viernes14 de marzo a partir de las 04:00 de la tarde hasta las 08:00 de la noche.<\/p>\n\n\n\n<p>El s\u00e1bado 15 de Marzo de 8:30 de la ma\u00f1ana hasta las 3:00 de la tarde, los agentes comerciales se desplegar\u00e1n en:<br><br>&#8211; Ciudad de Cuman\u00e1 y poblado Santa Fe, municipio Sucre.<\/p>\n\n\n\n<p>&#8211; Ciudad de Car\u00fapano, municipio Berm\u00fadez.<\/p>\n\n\n\n<p>&#8211; Ciudad de Cariaco, municipio Ribero.<\/p>\n\n\n\n<p>&#8211; Ciudad de Marig\u00fcitar, municipio Bol\u00edvar.<\/p>\n\n\n\n<p>&#8211; Ciudad de Cumanacoa, municipio Montes.<\/p>\n\n\n\n<p>&#8211; Ciudad de Casanay, municipio Andres Eloy Blanco.<\/p>\n\n\n\n<p>&#8211; Ciudad de G\u00fciria, municipio Valdez.<\/p>\n\n\n\n<p>&#8211; Ciudad de Araya, municipio Cruz Salmeron Acosta.<\/p>\n\n\n\n<p>Para mayor informaci\u00f3n sobre las Jornadas Integrales de Atenci\u00f3n al Usuario, puede dirigirse a la cuenta @corpoelecinfo en la red social de Instagram.<\/p>\n\n\n\n<p><strong>Prensa MPPEE-Corpoelec<\/strong><\/p>\n","protected":false},"excerpt":{"rendered":"<p>Estado Sucre.- La clase trabajadora de la Corporaci\u00f3n El\u00e9ctrica Nacional (Corpoelec) llevar\u00e1 a cabo jornadas integrales de cobranza en los<\/p>\n","protected":false},"author":24,"featured_media":93235,"comment_status":"closed","ping_status":"closed","sticky":false,"template":"","format":"standard","meta":{"footnotes":""},"categories":[1,30],"tags":[2691,11,2744,2693,46],"class_list":["post-95361","post","type-post","status-publish","format-standard","has-post-thumbnail","hentry","category-mppee","category-regionales","tag-corpoelec","tag-mppee","tag-sen","tag-sucre","tag-venezuela"],"_links":{"self":[{"href":"https:\/\/mppee.gob.ve\/index.php?rest_route=\/wp\/v2\/posts\/95361","targetHints":{"allow":["GET"]}}],"collection":[{"href":"https:\/\/mppee.gob.ve\/index.php?rest_route=\/wp\/v2\/posts"}],"about":[{"href":"https:\/\/mppee.gob.ve\/index.php?rest_route=\/wp\/v2\/types\/post"}],"author":[{"embeddable":true,"href":"https:\/\/mppee.gob.ve\/index.php?rest_route=\/wp\/v2\/users\/24"}],"replies":[{"embeddable":true,"href":"https:\/\/mppee.gob.ve\/index.php?rest_route=%2Fwp%2Fv2%2Fcomments&post=95361"}],"version-history":[{"count":1,"href":"https:\/\/mppee.gob.ve\/index.php?rest_route=\/wp\/v2\/posts\/95361\/revisions"}],"predecessor-version":[{"id":95362,"href":"https:\/\/mppee.gob.ve\/index.php?rest_route=\/wp\/v2\/posts\/95361\/revisions\/95362"}],"wp:featuredmedia":[{"embeddable":true,"href":"https:\/\/mppee.gob.ve\/index.php?rest_route=\/wp\/v2\/media\/93235"}],"wp:attachment":[{"href":"https:\/\/mppee.gob.ve\/index.php?rest_route=%2Fwp%2Fv2%2Fmedia&parent=95361"}],"wp:term":[{"taxonomy":"category","embeddable":true,"href":"https:\/\/mppee.gob.ve\/index.php?rest_route=%2Fwp%2Fv2%2Fcategories&post=95361"},{"taxonomy":"post_tag","embeddable":true,"href":"https:\/\/mppee.gob.ve\/index.php?rest_route=%2Fwp%2Fv2%2Ftags&post=95361"}],"curies":[{"name":"wp","href":"https:\/\/api.w.org\/{rel}","templated":true}]}}