{"id":95372,"date":"2025-03-12T17:17:06","date_gmt":"2025-03-12T17:17:06","guid":{"rendered":"http:\/\/mppee.gob.ve\/?p=95372"},"modified":"2025-03-12T17:17:09","modified_gmt":"2025-03-12T17:17:09","slug":"realizan-mantenimiento-en-corredores-de-servicios-de-lineas-de-lara","status":"publish","type":"post","link":"https:\/\/mppee.gob.ve\/?p=95372","title":{"rendered":"Realizan mantenimiento en corredores de servicios de l\u00edneas de Lara"},"content":{"rendered":"\n<p><strong>Estado Lara.- <\/strong>Con el prop\u00f3sito de garantizar la \u00f3ptima operatividad de las redes el\u00e9ctricas de transmisi\u00f3n, la clase trabajadora de la Corporaci\u00f3n El\u00e9ctrica Nacional (Corpoelec), atiende con trabajos de desmalezamiento, m\u00e1s de 750 kil\u00f3metros de corredores el\u00e9ctricos de 13 l\u00edneas de alta tensi\u00f3n en el estado Lara.<\/p>\n\n\n\n<p>En el inicio de esta jornada de mantenimiento, se abordaron los corredores de las l\u00edneas 115 kV Manzano-Centro, Manzano-Qu\u00edbor, 230 kV Yaracuy-Cabudare y Yaracuy-Barquisimeto, adem\u00e1s se realizaron trabajos de nivelaci\u00f3n de suelos para la habilitaci\u00f3n de v\u00edas de acceso desde la torre 38 a la 61.<\/p>\n\n\n\n<p>La programaci\u00f3n preventiva desarrollada por la Gerencia de Programaci\u00f3n y Control de Vegetaci\u00f3n, conjuntamente con la Unidad de Mantenimiento de L\u00edneas de Transmisi\u00f3n, contempl\u00f3 el control de vegetaci\u00f3n con cortes selectivos de \u00e1rboles y desmalezamiento, que abarcar\u00e1 1.600 torres de alta tensi\u00f3n, lo cual permitir\u00e1, la maximizaci\u00f3n del transporte de la electricidad en la regi\u00f3n crepuscular.<\/p>\n\n\n\n<p>Estas acciones, previstas en el Plan de Mantenimiento de Corredores de Servicios y V\u00edas de Acceso de L\u00edneas de Transmisi\u00f3n, que adelanta la estatal el\u00e9ctrica en todo el pa\u00eds, garantizan mayor confianza del servicio el\u00e9ctrico y disminuyen los riesgos que implica el crecimiento de vegetaci\u00f3n en las cercan\u00edas de las l\u00edneas de transmisi\u00f3n.<\/p>\n\n\n\n<p><strong>Prensa MPPEE-Corpoelec<\/strong><\/p>\n\n\n\n<p><\/p>\n","protected":false},"excerpt":{"rendered":"<p>Estado Lara.- Con el prop\u00f3sito de garantizar la \u00f3ptima operatividad de las redes el\u00e9ctricas de transmisi\u00f3n, la clase trabajadora de<\/p>\n","protected":false},"author":24,"featured_media":95373,"comment_status":"closed","ping_status":"closed","sticky":false,"template":"","format":"standard","meta":{"footnotes":""},"categories":[1,30],"tags":[2691,2690,11,2744,46],"class_list":["post-95372","post","type-post","status-publish","format-standard","has-post-thumbnail","hentry","category-mppee","category-regionales","tag-corpoelec","tag-lara","tag-mppee","tag-sen","tag-venezuela"],"_links":{"self":[{"href":"https:\/\/mppee.gob.ve\/index.php?rest_route=\/wp\/v2\/posts\/95372","targetHints":{"allow":["GET"]}}],"collection":[{"href":"https:\/\/mppee.gob.ve\/index.php?rest_route=\/wp\/v2\/posts"}],"about":[{"href":"https:\/\/mppee.gob.ve\/index.php?rest_route=\/wp\/v2\/types\/post"}],"author":[{"embeddable":true,"href":"https:\/\/mppee.gob.ve\/index.php?rest_route=\/wp\/v2\/users\/24"}],"replies":[{"embeddable":true,"href":"https:\/\/mppee.gob.ve\/index.php?rest_route=%2Fwp%2Fv2%2Fcomments&post=95372"}],"version-history":[{"count":1,"href":"https:\/\/mppee.gob.ve\/index.php?rest_route=\/wp\/v2\/posts\/95372\/revisions"}],"predecessor-version":[{"id":95374,"href":"https:\/\/mppee.gob.ve\/index.php?rest_route=\/wp\/v2\/posts\/95372\/revisions\/95374"}],"wp:featuredmedia":[{"embeddable":true,"href":"https:\/\/mppee.gob.ve\/index.php?rest_route=\/wp\/v2\/media\/95373"}],"wp:attachment":[{"href":"https:\/\/mppee.gob.ve\/index.php?rest_route=%2Fwp%2Fv2%2Fmedia&parent=95372"}],"wp:term":[{"taxonomy":"category","embeddable":true,"href":"https:\/\/mppee.gob.ve\/index.php?rest_route=%2Fwp%2Fv2%2Fcategories&post=95372"},{"taxonomy":"post_tag","embeddable":true,"href":"https:\/\/mppee.gob.ve\/index.php?rest_route=%2Fwp%2Fv2%2Ftags&post=95372"}],"curies":[{"name":"wp","href":"https:\/\/api.w.org\/{rel}","templated":true}]}}