{"id":95437,"date":"2025-03-14T16:32:19","date_gmt":"2025-03-14T16:32:19","guid":{"rendered":"http:\/\/mppee.gob.ve\/?p=95437"},"modified":"2025-03-14T16:37:34","modified_gmt":"2025-03-14T16:37:34","slug":"jornada-integral-atendera-a-usuarios-de-anzoategui","status":"publish","type":"post","link":"https:\/\/mppee.gob.ve\/?p=95437","title":{"rendered":"Jornada integral atender\u00e1 a usuarios de Anzo\u00e1tegui"},"content":{"rendered":"\n<p><strong>Estado Anzo\u00e1tegui.- <\/strong>Trabajadores de la Corporaci\u00f3n El\u00e9ctrica Nacional (Corpoelec), se desplegar\u00e1n este s\u00e1bado 15 de marzo, por condominios y comunidades de los municipios del estado Anzo\u00e1tegui, con el prop\u00f3sito de brindar asesor\u00eda a usuarios a trav\u00e9s de jornadas integrales.<\/p>\n\n\n\n<p>La actividad, que se desarrollar\u00e1 entre las 8:30 de la ma\u00f1ana y la 1:00 de la tarde, ofrecer\u00e1 a los usuarios la oportunidad de actualizar sus datos, asesor\u00eda t\u00e9cnica y de servicios, formalizaci\u00f3n de contratos y cancelaci\u00f3n de facturas por consumo de servicio el\u00e9ctrico.<\/p>\n\n\n\n<p>En este sentido, en la ciudad de Barcelona, el equipo estar\u00e1 ubicado en las urbanizaciones Los Portales y Puerto Guaica, en la avenida Costanera, condominio Costa Azul, Lecher\u00eda.<\/p>\n\n\n\n<p>Mientras que, en Puerto La Cruz, los agentes comerciales estar\u00e1n ubicados en la primera etapa del sector Los Cerezos entre los bloques 1 y 12.<\/p>\n\n\n\n<p>Por su parte, en la zona sur, los equipos de Corpoelec, estar\u00e1n en San Jos\u00e9 de Guanipa, urbanismo Altos de Reyes, en la avenida Jes\u00fas Subero y en Pariagu\u00e1n municipio Miranda, comunidad Inavi al final de la calle Piar.<\/p>\n\n\n\n<p>En Anaco el punto de encuentro ser\u00e1 en el Centro Comercial Crisol Center. En Aragua de Barcelona las cuadrillas abordar\u00e1n las calles Miranda, Sucre y Libertad.<\/p>\n\n\n\n<p>Por \u00faltimo, en la zona oeste, la jornada se efectuar\u00e1 en el Conjunto Residencial Vacacional Puerto P\u00edritu y en el Bulevar Fern\u00e1ndez Padilla de esta ciudad, as\u00ed como en el sector Otto Padr\u00f3n en la ciudad de Clarines, en el municipio Bruzual.<\/p>\n\n\n\n<p>Para mayor informaci\u00f3n sobre las Jornadas Integrales de Atenci\u00f3n al Usuario, puede visitar la cuenta @corpoelecinfo en la red social Instagram.<\/p>\n\n\n\n<p><strong>Prensa MPPEE-Corpoelec<\/strong><\/p>\n","protected":false},"excerpt":{"rendered":"<p>Estado Anzo\u00e1tegui.- Trabajadores de la Corporaci\u00f3n El\u00e9ctrica Nacional (Corpoelec), se desplegar\u00e1n este s\u00e1bado 15 de marzo, por condominios y comunidades<\/p>\n","protected":false},"author":24,"featured_media":92928,"comment_status":"closed","ping_status":"closed","sticky":false,"template":"","format":"standard","meta":{"footnotes":""},"categories":[1,30],"tags":[2706,2691,11,2744,46],"class_list":["post-95437","post","type-post","status-publish","format-standard","has-post-thumbnail","hentry","category-mppee","category-regionales","tag-anzoategui","tag-corpoelec","tag-mppee","tag-sen","tag-venezuela"],"_links":{"self":[{"href":"https:\/\/mppee.gob.ve\/index.php?rest_route=\/wp\/v2\/posts\/95437","targetHints":{"allow":["GET"]}}],"collection":[{"href":"https:\/\/mppee.gob.ve\/index.php?rest_route=\/wp\/v2\/posts"}],"about":[{"href":"https:\/\/mppee.gob.ve\/index.php?rest_route=\/wp\/v2\/types\/post"}],"author":[{"embeddable":true,"href":"https:\/\/mppee.gob.ve\/index.php?rest_route=\/wp\/v2\/users\/24"}],"replies":[{"embeddable":true,"href":"https:\/\/mppee.gob.ve\/index.php?rest_route=%2Fwp%2Fv2%2Fcomments&post=95437"}],"version-history":[{"count":2,"href":"https:\/\/mppee.gob.ve\/index.php?rest_route=\/wp\/v2\/posts\/95437\/revisions"}],"predecessor-version":[{"id":95439,"href":"https:\/\/mppee.gob.ve\/index.php?rest_route=\/wp\/v2\/posts\/95437\/revisions\/95439"}],"wp:featuredmedia":[{"embeddable":true,"href":"https:\/\/mppee.gob.ve\/index.php?rest_route=\/wp\/v2\/media\/92928"}],"wp:attachment":[{"href":"https:\/\/mppee.gob.ve\/index.php?rest_route=%2Fwp%2Fv2%2Fmedia&parent=95437"}],"wp:term":[{"taxonomy":"category","embeddable":true,"href":"https:\/\/mppee.gob.ve\/index.php?rest_route=%2Fwp%2Fv2%2Fcategories&post=95437"},{"taxonomy":"post_tag","embeddable":true,"href":"https:\/\/mppee.gob.ve\/index.php?rest_route=%2Fwp%2Fv2%2Ftags&post=95437"}],"curies":[{"name":"wp","href":"https:\/\/api.w.org\/{rel}","templated":true}]}}