{"id":95445,"date":"2025-03-14T17:22:33","date_gmt":"2025-03-14T17:22:33","guid":{"rendered":"http:\/\/mppee.gob.ve\/?p=95445"},"modified":"2025-03-14T17:22:35","modified_gmt":"2025-03-14T17:22:35","slug":"corpoelec-instala-transformadores-en-comunidad-meridena","status":"publish","type":"post","link":"https:\/\/mppee.gob.ve\/?p=95445","title":{"rendered":"Corpoelec instala transformadores en comunidad meride\u00f1a"},"content":{"rendered":"\n<p><strong>Estado M\u00e9rida.-<\/strong> En un esfuerzo por fortalecer el suministro el\u00e9ctrico y mejorar la calidad de vida de los habitantes meride\u00f1os, la Corporaci\u00f3n El\u00e9ctrica Nacional (Corpoelec), llev\u00f3 a cabo la instalaci\u00f3n de tres transformadores de 37, 5 Kva y una extensi\u00f3n de l\u00ednea de media tensi\u00f3n en la urbanizaci\u00f3n La Linda, ubicada en el municipio Libertador del estado M\u00e9rida.<\/p>\n\n\n\n<p>Estos trabajos benefician directamente a 400 personas de la comunidad, garantizando un servicio el\u00e9ctrico m\u00e1s estable y eficiente, reduciendo las fallas y mejorando la capacidad de distribuci\u00f3n en esa localidad de la capital meride\u00f1a.<\/p>\n\n\n\n<p>Los nuevos transformadores de distribuci\u00f3n y la extensi\u00f3n de l\u00edneas para media tensi\u00f3n, son parte de los compromisos asumidos por la estatal el\u00e9ctrica, para mejorar el servicio gracias a la plataforma VenApp y el 1&#215;10 del Buen Gobierno.<\/p>\n\n\n\n<p>En este sentido, el equipo t\u00e9cnico de Corpoelec trabaj\u00f3 en coordinaci\u00f3n con los l\u00edderes comunitarios para ejecutar el proyecto, el cual fue recibido con satisfacci\u00f3n por los vecinos de la urbanizaci\u00f3n La Linda, quienes destacaron la importancia de estas obras para el desarrollo de su comunidad y agradecieron al Gobierno Bolivariano por atender la solicitud de manera efectiva.<\/p>\n\n\n\n<p>Con esta acci\u00f3n, Corpoelec reafirma su compromiso de trabajar en aras de garantizar el bienestar de los meride\u00f1os, asegurando un servicio el\u00e9ctrico de calidad, siguiendo orientaciones del presidente de la Rep\u00fablica, Nicol\u00e1s Maduro, en el marco de la activaci\u00f3n de la 2T de las 7 Transformaciones.<\/p>\n\n\n\n<p><strong>Prensa MPPEE-Corpoelec<\/strong><\/p>\n","protected":false},"excerpt":{"rendered":"<p>Estado M\u00e9rida.- En un esfuerzo por fortalecer el suministro el\u00e9ctrico y mejorar la calidad de vida de los habitantes meride\u00f1os,<\/p>\n","protected":false},"author":24,"featured_media":95446,"comment_status":"closed","ping_status":"closed","sticky":false,"template":"","format":"standard","meta":{"footnotes":""},"categories":[1,30],"tags":[2691,11,2744,46],"class_list":["post-95445","post","type-post","status-publish","format-standard","has-post-thumbnail","hentry","category-mppee","category-regionales","tag-corpoelec","tag-mppee","tag-sen","tag-venezuela"],"_links":{"self":[{"href":"https:\/\/mppee.gob.ve\/index.php?rest_route=\/wp\/v2\/posts\/95445","targetHints":{"allow":["GET"]}}],"collection":[{"href":"https:\/\/mppee.gob.ve\/index.php?rest_route=\/wp\/v2\/posts"}],"about":[{"href":"https:\/\/mppee.gob.ve\/index.php?rest_route=\/wp\/v2\/types\/post"}],"author":[{"embeddable":true,"href":"https:\/\/mppee.gob.ve\/index.php?rest_route=\/wp\/v2\/users\/24"}],"replies":[{"embeddable":true,"href":"https:\/\/mppee.gob.ve\/index.php?rest_route=%2Fwp%2Fv2%2Fcomments&post=95445"}],"version-history":[{"count":1,"href":"https:\/\/mppee.gob.ve\/index.php?rest_route=\/wp\/v2\/posts\/95445\/revisions"}],"predecessor-version":[{"id":95447,"href":"https:\/\/mppee.gob.ve\/index.php?rest_route=\/wp\/v2\/posts\/95445\/revisions\/95447"}],"wp:featuredmedia":[{"embeddable":true,"href":"https:\/\/mppee.gob.ve\/index.php?rest_route=\/wp\/v2\/media\/95446"}],"wp:attachment":[{"href":"https:\/\/mppee.gob.ve\/index.php?rest_route=%2Fwp%2Fv2%2Fmedia&parent=95445"}],"wp:term":[{"taxonomy":"category","embeddable":true,"href":"https:\/\/mppee.gob.ve\/index.php?rest_route=%2Fwp%2Fv2%2Fcategories&post=95445"},{"taxonomy":"post_tag","embeddable":true,"href":"https:\/\/mppee.gob.ve\/index.php?rest_route=%2Fwp%2Fv2%2Ftags&post=95445"}],"curies":[{"name":"wp","href":"https:\/\/api.w.org\/{rel}","templated":true}]}}