{"id":95449,"date":"2025-03-14T18:55:33","date_gmt":"2025-03-14T18:55:33","guid":{"rendered":"http:\/\/mppee.gob.ve\/?p=95449"},"modified":"2025-03-14T18:55:34","modified_gmt":"2025-03-14T18:55:34","slug":"mirandinos-son-beneficiados-con-jornada-integral","status":"publish","type":"post","link":"https:\/\/mppee.gob.ve\/?p=95449","title":{"rendered":"Mirandinos son beneficiados con jornada integral"},"content":{"rendered":"\n<p><strong>Estado Miranda.- <\/strong>Este s\u00e1bado 15 de marzo, la Corporaci\u00f3n El\u00e9ctrica Nacional (Corpoelec), a trav\u00e9s de la Gerencia de Comercializaci\u00f3n, llevar\u00e1n a cabo una Jornada Integral de Atenci\u00f3n al Usuario en los municipios Guaicaipuro y Los Salias del estado Miranda.<\/p>\n\n\n\n<p>La jornada integral se efectuar\u00e1 en las instalaciones de los Centros Comerciales Galer\u00edas Las Am\u00e9ricas, piso 1, carretera Panamericana, kil\u00f3metro 15 del municipio Los Salias y Luz El\u00e9ctrica, calle Miquilen, piso 2, en el municipio Guaicaipuro.<\/p>\n\n\n\n<p>El despliegue se llevar\u00e1 a cabo en el horario comprendido desde las 09:00 de la ma\u00f1ana hasta las 02:00 de la tarde, para la atenci\u00f3n personalizada a los usuarios comerciales y residenciales, donde podr\u00e1n honrar deudas, actualizar los datos y recibir asesor\u00eda para la cancelaci\u00f3n en l\u00ednea.&nbsp;<\/p>\n\n\n\n<p>Para mayor informaci\u00f3n sobre las Jornadas Integrales de Atenci\u00f3n al Usuario, puede visitar la cuenta @corpoelecinfo en la red social Instagram.<\/p>\n\n\n\n<p><strong>Prensa MPPEE-Corpoelec<\/strong><\/p>\n","protected":false},"excerpt":{"rendered":"<p>Estado Miranda.- Este s\u00e1bado 15 de marzo, la Corporaci\u00f3n El\u00e9ctrica Nacional (Corpoelec), a trav\u00e9s de la Gerencia de Comercializaci\u00f3n, llevar\u00e1n<\/p>\n","protected":false},"author":24,"featured_media":93735,"comment_status":"closed","ping_status":"closed","sticky":false,"template":"","format":"standard","meta":{"footnotes":""},"categories":[1,30],"tags":[2691,2709,11,2744,46],"class_list":["post-95449","post","type-post","status-publish","format-standard","has-post-thumbnail","hentry","category-mppee","category-regionales","tag-corpoelec","tag-miranda","tag-mppee","tag-sen","tag-venezuela"],"_links":{"self":[{"href":"https:\/\/mppee.gob.ve\/index.php?rest_route=\/wp\/v2\/posts\/95449","targetHints":{"allow":["GET"]}}],"collection":[{"href":"https:\/\/mppee.gob.ve\/index.php?rest_route=\/wp\/v2\/posts"}],"about":[{"href":"https:\/\/mppee.gob.ve\/index.php?rest_route=\/wp\/v2\/types\/post"}],"author":[{"embeddable":true,"href":"https:\/\/mppee.gob.ve\/index.php?rest_route=\/wp\/v2\/users\/24"}],"replies":[{"embeddable":true,"href":"https:\/\/mppee.gob.ve\/index.php?rest_route=%2Fwp%2Fv2%2Fcomments&post=95449"}],"version-history":[{"count":1,"href":"https:\/\/mppee.gob.ve\/index.php?rest_route=\/wp\/v2\/posts\/95449\/revisions"}],"predecessor-version":[{"id":95450,"href":"https:\/\/mppee.gob.ve\/index.php?rest_route=\/wp\/v2\/posts\/95449\/revisions\/95450"}],"wp:featuredmedia":[{"embeddable":true,"href":"https:\/\/mppee.gob.ve\/index.php?rest_route=\/wp\/v2\/media\/93735"}],"wp:attachment":[{"href":"https:\/\/mppee.gob.ve\/index.php?rest_route=%2Fwp%2Fv2%2Fmedia&parent=95449"}],"wp:term":[{"taxonomy":"category","embeddable":true,"href":"https:\/\/mppee.gob.ve\/index.php?rest_route=%2Fwp%2Fv2%2Fcategories&post=95449"},{"taxonomy":"post_tag","embeddable":true,"href":"https:\/\/mppee.gob.ve\/index.php?rest_route=%2Fwp%2Fv2%2Ftags&post=95449"}],"curies":[{"name":"wp","href":"https:\/\/api.w.org\/{rel}","templated":true}]}}