{"id":95455,"date":"2025-03-14T20:04:43","date_gmt":"2025-03-14T20:04:43","guid":{"rendered":"http:\/\/mppee.gob.ve\/?p=95455"},"modified":"2025-03-14T20:04:45","modified_gmt":"2025-03-14T20:04:45","slug":"corpoelec-despliega-jornadas-integrales-a-usuarios-apurenos","status":"publish","type":"post","link":"https:\/\/mppee.gob.ve\/?p=95455","title":{"rendered":"Corpoelec despliega jornadas integrales a usuarios apure\u00f1os\u00a0"},"content":{"rendered":"\n<p><strong>Estado Apure.- <\/strong>La Corporaci\u00f3n El\u00e9ctrica Nacional (Corpoelec) llevar\u00e1 a cabo este s\u00e1bado 15 de marzo, Jornadas Integrales de Atenci\u00f3n al Usuario en comunidades apure\u00f1as<\/p>\n\n\n\n<p>Los trabajadores se desplegar\u00e1n para brindar asesor\u00eda en materia de energ\u00eda el\u00e9ctrica, as\u00ed como notificaci\u00f3n de deuda, pago de factura, actualizaci\u00f3n de datos y captaci\u00f3n de nuevos suscriptores, en un horario comprendido entre las 8:00 de la ma\u00f1ana y las 2:00 de la tarde.<\/p>\n\n\n\n<p>&nbsp; A continuaci\u00f3n, se detalla la ubicaci\u00f3n de los stands:&nbsp;<\/p>\n\n\n\n<p>&nbsp;&#8211; Comunidad Campo Alegre, parroquia San Fernando, municipio San Fernando.<\/p>\n\n\n\n<p>&#8211; Comunidad Libertador, parroquia Biruaca, municipio Biruaca.&nbsp;<\/p>\n\n\n\n<p>&#8211; Urbanizaci\u00f3n Santa B\u00e1rbara, parroquia Achaguas, municipio Achaguas.&nbsp;<\/p>\n\n\n\n<p>&#8211; Avenida Libertador, parroquia Mantecal, municipio Mu\u00f1oz.<\/p>\n\n\n\n<p>&#8211; Sector Caujarito Elorza, municipio R\u00f3mulo Gallegos.&nbsp;<\/p>\n\n\n\n<p>&#8211; Urbanizaci\u00f3n T\u00e1chira, parroquia Guasdualito, municipio P\u00e1ez.&nbsp;<\/p>\n\n\n\n<p>&#8211; Calle Mari\u00f1o urbanizaci\u00f3n La Palmas, parroquia San Camilo, municipio P\u00e1ez.<\/p>\n\n\n\n<p>Para mayor informaci\u00f3n sobre las Jornadas Integrales de Atenci\u00f3n al Usuario, pueden visitar la cuenta @corpoelecinfo en la red social Instagram.<\/p>\n\n\n\n<p><strong>Prensa MPPEE-Corpoelec<\/strong><\/p>\n","protected":false},"excerpt":{"rendered":"<p>Estado Apure.- La Corporaci\u00f3n El\u00e9ctrica Nacional (Corpoelec) llevar\u00e1 a cabo este s\u00e1bado 15 de marzo, Jornadas Integrales de Atenci\u00f3n al<\/p>\n","protected":false},"author":24,"featured_media":93364,"comment_status":"closed","ping_status":"closed","sticky":false,"template":"","format":"standard","meta":{"footnotes":""},"categories":[1,30],"tags":[2722,2691,11,2744,46],"class_list":["post-95455","post","type-post","status-publish","format-standard","has-post-thumbnail","hentry","category-mppee","category-regionales","tag-apure","tag-corpoelec","tag-mppee","tag-sen","tag-venezuela"],"_links":{"self":[{"href":"https:\/\/mppee.gob.ve\/index.php?rest_route=\/wp\/v2\/posts\/95455","targetHints":{"allow":["GET"]}}],"collection":[{"href":"https:\/\/mppee.gob.ve\/index.php?rest_route=\/wp\/v2\/posts"}],"about":[{"href":"https:\/\/mppee.gob.ve\/index.php?rest_route=\/wp\/v2\/types\/post"}],"author":[{"embeddable":true,"href":"https:\/\/mppee.gob.ve\/index.php?rest_route=\/wp\/v2\/users\/24"}],"replies":[{"embeddable":true,"href":"https:\/\/mppee.gob.ve\/index.php?rest_route=%2Fwp%2Fv2%2Fcomments&post=95455"}],"version-history":[{"count":1,"href":"https:\/\/mppee.gob.ve\/index.php?rest_route=\/wp\/v2\/posts\/95455\/revisions"}],"predecessor-version":[{"id":95456,"href":"https:\/\/mppee.gob.ve\/index.php?rest_route=\/wp\/v2\/posts\/95455\/revisions\/95456"}],"wp:featuredmedia":[{"embeddable":true,"href":"https:\/\/mppee.gob.ve\/index.php?rest_route=\/wp\/v2\/media\/93364"}],"wp:attachment":[{"href":"https:\/\/mppee.gob.ve\/index.php?rest_route=%2Fwp%2Fv2%2Fmedia&parent=95455"}],"wp:term":[{"taxonomy":"category","embeddable":true,"href":"https:\/\/mppee.gob.ve\/index.php?rest_route=%2Fwp%2Fv2%2Fcategories&post=95455"},{"taxonomy":"post_tag","embeddable":true,"href":"https:\/\/mppee.gob.ve\/index.php?rest_route=%2Fwp%2Fv2%2Ftags&post=95455"}],"curies":[{"name":"wp","href":"https:\/\/api.w.org\/{rel}","templated":true}]}}