{"id":95457,"date":"2025-03-14T20:20:13","date_gmt":"2025-03-14T20:20:13","guid":{"rendered":"http:\/\/mppee.gob.ve\/?p=95457"},"modified":"2025-03-14T20:57:26","modified_gmt":"2025-03-14T20:57:26","slug":"usuarios-de-guarico-seran-atendidos-en-jornadas-integrales","status":"publish","type":"post","link":"https:\/\/mppee.gob.ve\/?p=95457","title":{"rendered":"Usuarios de Gu\u00e1rico ser\u00e1n atendidos en jornadas integrales"},"content":{"rendered":"\n<p><strong>Estado Gu\u00e1rico.-<\/strong> En aras de ofrecer la asesor\u00eda en tr\u00e1mites relacionados con el servicio el\u00e9ctrico, este viernes 14 y s\u00e1bado 15 de marzo, la Corporaci\u00f3n El\u00e9ctrica Nacional (Corpoelec) desplegar\u00e1 Jornadas Integrales de Atenci\u00f3n al Usuario (CIAU) en el estado Gu\u00e1rico.<\/p>\n\n\n\n<p>Durante la jornada que se llevar\u00e1 a cabo en el municipio Leonardo Infante, los guarique\u00f1os contar\u00e1n con asistencia personalizada para actualizar datos, recibir notificaciones de deuda y pagar sus facturas.<\/p>\n\n\n\n<p>El personal laborar\u00e1 en un horario comprendido desde las 4:30 de la tarde hasta las 09:00 de la noche, en la urbanizaci\u00f3n 12 de Octubre de la parroquia Valle de la Pascua.<\/p>\n\n\n\n<p>Es importante destacar que el \u00fanico m\u00e9todo de pago autorizado ser\u00e1 de punto de venta.<\/p>\n\n\n\n<p>Para mayor informaci\u00f3n sobre las Jornadas Integrales de Atenci\u00f3n al Usuario, puede visitar la cuenta @corpoelecinfo en la red social Instagram.<\/p>\n\n\n\n<p><strong>Prensa MPPEE-Corpoelec<\/strong><\/p>\n\n\n\n<p><\/p>\n","protected":false},"excerpt":{"rendered":"<p>Estado Gu\u00e1rico.- En aras de ofrecer la asesor\u00eda en tr\u00e1mites relacionados con el servicio el\u00e9ctrico, este viernes 14 y s\u00e1bado<\/p>\n","protected":false},"author":24,"featured_media":93747,"comment_status":"closed","ping_status":"closed","sticky":false,"template":"","format":"standard","meta":{"footnotes":""},"categories":[1,30],"tags":[2691,2729,11,2744,46],"class_list":["post-95457","post","type-post","status-publish","format-standard","has-post-thumbnail","hentry","category-mppee","category-regionales","tag-corpoelec","tag-guarico","tag-mppee","tag-sen","tag-venezuela"],"_links":{"self":[{"href":"https:\/\/mppee.gob.ve\/index.php?rest_route=\/wp\/v2\/posts\/95457","targetHints":{"allow":["GET"]}}],"collection":[{"href":"https:\/\/mppee.gob.ve\/index.php?rest_route=\/wp\/v2\/posts"}],"about":[{"href":"https:\/\/mppee.gob.ve\/index.php?rest_route=\/wp\/v2\/types\/post"}],"author":[{"embeddable":true,"href":"https:\/\/mppee.gob.ve\/index.php?rest_route=\/wp\/v2\/users\/24"}],"replies":[{"embeddable":true,"href":"https:\/\/mppee.gob.ve\/index.php?rest_route=%2Fwp%2Fv2%2Fcomments&post=95457"}],"version-history":[{"count":1,"href":"https:\/\/mppee.gob.ve\/index.php?rest_route=\/wp\/v2\/posts\/95457\/revisions"}],"predecessor-version":[{"id":95458,"href":"https:\/\/mppee.gob.ve\/index.php?rest_route=\/wp\/v2\/posts\/95457\/revisions\/95458"}],"wp:featuredmedia":[{"embeddable":true,"href":"https:\/\/mppee.gob.ve\/index.php?rest_route=\/wp\/v2\/media\/93747"}],"wp:attachment":[{"href":"https:\/\/mppee.gob.ve\/index.php?rest_route=%2Fwp%2Fv2%2Fmedia&parent=95457"}],"wp:term":[{"taxonomy":"category","embeddable":true,"href":"https:\/\/mppee.gob.ve\/index.php?rest_route=%2Fwp%2Fv2%2Fcategories&post=95457"},{"taxonomy":"post_tag","embeddable":true,"href":"https:\/\/mppee.gob.ve\/index.php?rest_route=%2Fwp%2Fv2%2Ftags&post=95457"}],"curies":[{"name":"wp","href":"https:\/\/api.w.org\/{rel}","templated":true}]}}