{"id":95508,"date":"2025-03-17T14:23:11","date_gmt":"2025-03-17T14:23:11","guid":{"rendered":"http:\/\/mppee.gob.ve\/?p=95508"},"modified":"2025-03-17T14:23:12","modified_gmt":"2025-03-17T14:23:12","slug":"corpoelec-se-despliega-por-municipios-araguenos-para-atender-a-usuarios-3","status":"publish","type":"post","link":"https:\/\/mppee.gob.ve\/?p=95508","title":{"rendered":"Corpoelec se despliega por municipios arag\u00fce\u00f1os para atender a usuarios"},"content":{"rendered":"\n<p><strong>Estado Aragua.- <\/strong>La clase trabajadora de la Corporaci\u00f3n El\u00e9ctrica Nacional (Corpoelec) se desplegar\u00e1 desde el lunes 17 de marzo hasta el viernes 21, en tres municipios del estado Aragua para atender a los usuarios y usuarias comerciales y residenciales.<\/p>\n\n\n\n<p>La Jornada Integral de Usuario se realizar\u00e1 desde las 09:00 de la ma\u00f1ana hasta las 02:00 de la tarde.&nbsp;<\/p>\n\n\n\n<p>Los trabajadores y trabajadoras adscritos a la Gerencia de Comercializaci\u00f3n Aragua, brindar\u00e1n asesor\u00eda en la actualizaci\u00f3n de datos, notificaci\u00f3n de deudas, recepci\u00f3n de reclamos, verificaci\u00f3n de conexiones, asesor\u00eda de pago por Banca en L\u00ednea y pago de factura, bajo la modalidad de puntos de venta.<\/p>\n\n\n\n<p>Los puntos de atenci\u00f3n al usuario estar\u00e1n ubicados en:<\/p>\n\n\n\n<p>&#8211; Lunes 17 de marzo: Avenida Ayacucho, residencias Independencia, municipio Girardot.<\/p>\n\n\n\n<p>&#8211; Martes 18 de marzo: Calle Soublette, Centro Comercial 19 de abril, municipio Girardot.<\/p>\n\n\n\n<p>&#8211; Mi\u00e9rcoles 19 de marzo: El Macaro Turmero, Urbanizaci\u00f3n Villas El Carmen, municipio Sucre<\/p>\n\n\n\n<p>&#8211; Jueves 20 de marzo: Centro Comercial Valle Lindo, Turmero, municipio Sucre.<\/p>\n\n\n\n<p>&#8211; Viernes 21 de marzo: Santa Rita, avenida Venezuela con Constituci\u00f3n, municipio Libertador.<\/p>\n\n\n\n<p>Para mayor informaci\u00f3n sobre las Jornadas Integrales de Atenci\u00f3n al Usuario, puede visitar la cuenta @corpoelecinfo en la red social Instagram.<\/p>\n\n\n\n<p><strong>Prensa MPPEE-Corpoelec<\/strong><\/p>\n","protected":false},"excerpt":{"rendered":"<p>Estado Aragua.- La clase trabajadora de la Corporaci\u00f3n El\u00e9ctrica Nacional (Corpoelec) se desplegar\u00e1 desde el lunes 17 de marzo hasta<\/p>\n","protected":false},"author":24,"featured_media":93747,"comment_status":"closed","ping_status":"closed","sticky":false,"template":"","format":"standard","meta":{"footnotes":""},"categories":[30],"tags":[2708,2691,11,2744,46],"class_list":["post-95508","post","type-post","status-publish","format-standard","has-post-thumbnail","hentry","category-regionales","tag-aragua","tag-corpoelec","tag-mppee","tag-sen","tag-venezuela"],"_links":{"self":[{"href":"https:\/\/mppee.gob.ve\/index.php?rest_route=\/wp\/v2\/posts\/95508","targetHints":{"allow":["GET"]}}],"collection":[{"href":"https:\/\/mppee.gob.ve\/index.php?rest_route=\/wp\/v2\/posts"}],"about":[{"href":"https:\/\/mppee.gob.ve\/index.php?rest_route=\/wp\/v2\/types\/post"}],"author":[{"embeddable":true,"href":"https:\/\/mppee.gob.ve\/index.php?rest_route=\/wp\/v2\/users\/24"}],"replies":[{"embeddable":true,"href":"https:\/\/mppee.gob.ve\/index.php?rest_route=%2Fwp%2Fv2%2Fcomments&post=95508"}],"version-history":[{"count":1,"href":"https:\/\/mppee.gob.ve\/index.php?rest_route=\/wp\/v2\/posts\/95508\/revisions"}],"predecessor-version":[{"id":95509,"href":"https:\/\/mppee.gob.ve\/index.php?rest_route=\/wp\/v2\/posts\/95508\/revisions\/95509"}],"wp:featuredmedia":[{"embeddable":true,"href":"https:\/\/mppee.gob.ve\/index.php?rest_route=\/wp\/v2\/media\/93747"}],"wp:attachment":[{"href":"https:\/\/mppee.gob.ve\/index.php?rest_route=%2Fwp%2Fv2%2Fmedia&parent=95508"}],"wp:term":[{"taxonomy":"category","embeddable":true,"href":"https:\/\/mppee.gob.ve\/index.php?rest_route=%2Fwp%2Fv2%2Fcategories&post=95508"},{"taxonomy":"post_tag","embeddable":true,"href":"https:\/\/mppee.gob.ve\/index.php?rest_route=%2Fwp%2Fv2%2Ftags&post=95508"}],"curies":[{"name":"wp","href":"https:\/\/api.w.org\/{rel}","templated":true}]}}