{"id":95510,"date":"2025-03-17T14:04:11","date_gmt":"2025-03-17T14:04:11","guid":{"rendered":"http:\/\/mppee.gob.ve\/?p=95510"},"modified":"2025-03-17T14:04:26","modified_gmt":"2025-03-17T14:04:26","slug":"corpoelec-atendera-a-portuguesenos-con-jornadas-integrales","status":"publish","type":"post","link":"https:\/\/mppee.gob.ve\/?p=95510","title":{"rendered":"Corpoelec atender\u00e1 a usuarios portuguese\u00f1os con jornadas integrales"},"content":{"rendered":"\n<p><strong>Estado Portuguesa.-<\/strong> Desde este lunes 17 hasta el 21 de marzo, la Corporaci\u00f3n El\u00e9ctrica Nacional (Corpoelec) realizar\u00e1 una Jornadas Integrales de Atenci\u00f3n al Usuario en comunidades de los municipios P\u00e1ez y Araure del estado Portuguesa.<\/p>\n\n\n\n<p>Los usuarios podr\u00e1n actualizar datos, pagar sus facturas, recibir notificaci\u00f3n de deuda y gestionar otros tr\u00e1mites relacionados con el servicio el\u00e9ctrico.<\/p>\n\n\n\n<p>El personal atender\u00e1 a los usuarios de cada zona desde las 6:00 de la tarde hasta las 08:00 de la noche, en las siguientes direcciones:<\/p>\n\n\n\n<p>&#8211; Lunes 17 de marzo: Comunidades Casa de Campo y Prados del Sol, parroquia Araure, municipio Araure.<\/p>\n\n\n\n<p>&#8211; Martes 18 de marzo: Comunidad Bosque de Camoruco, parroquia Acarigua, municipio P\u00e1ez.<\/p>\n\n\n\n<p>&#8211; Viernes 21 de marzo: Comunidades Villa Araure y 12 de Octubre, parroquia Araure, municipio Araure.<\/p>\n\n\n\n<p>&#8211; Comunidad La Corteza, parroquia Acarigua, municipio P\u00e1ez.<\/p>\n\n\n\n<p>Para mayor informaci\u00f3n sobre las Jornadas Integrales de Atenci\u00f3n al Usuario, pueden visitar la cuenta @corpoelecinfo en la red social Instagram<\/p>\n\n\n\n<p><strong>Prensa MPPEE-Corpoelec<\/strong><\/p>\n\n\n\n<p><\/p>\n","protected":false},"excerpt":{"rendered":"<p>Estado Portuguesa.- Desde este lunes 17 hasta el 21 de marzo, la Corporaci\u00f3n El\u00e9ctrica Nacional (Corpoelec) realizar\u00e1 una Jornadas Integrales<\/p>\n","protected":false},"author":24,"featured_media":93364,"comment_status":"closed","ping_status":"closed","sticky":false,"template":"","format":"standard","meta":{"footnotes":""},"categories":[30],"tags":[2691,11,2725,2744,46],"class_list":["post-95510","post","type-post","status-publish","format-standard","has-post-thumbnail","hentry","category-regionales","tag-corpoelec","tag-mppee","tag-portuguesa","tag-sen","tag-venezuela"],"_links":{"self":[{"href":"https:\/\/mppee.gob.ve\/index.php?rest_route=\/wp\/v2\/posts\/95510","targetHints":{"allow":["GET"]}}],"collection":[{"href":"https:\/\/mppee.gob.ve\/index.php?rest_route=\/wp\/v2\/posts"}],"about":[{"href":"https:\/\/mppee.gob.ve\/index.php?rest_route=\/wp\/v2\/types\/post"}],"author":[{"embeddable":true,"href":"https:\/\/mppee.gob.ve\/index.php?rest_route=\/wp\/v2\/users\/24"}],"replies":[{"embeddable":true,"href":"https:\/\/mppee.gob.ve\/index.php?rest_route=%2Fwp%2Fv2%2Fcomments&post=95510"}],"version-history":[{"count":2,"href":"https:\/\/mppee.gob.ve\/index.php?rest_route=\/wp\/v2\/posts\/95510\/revisions"}],"predecessor-version":[{"id":95512,"href":"https:\/\/mppee.gob.ve\/index.php?rest_route=\/wp\/v2\/posts\/95510\/revisions\/95512"}],"wp:featuredmedia":[{"embeddable":true,"href":"https:\/\/mppee.gob.ve\/index.php?rest_route=\/wp\/v2\/media\/93364"}],"wp:attachment":[{"href":"https:\/\/mppee.gob.ve\/index.php?rest_route=%2Fwp%2Fv2%2Fmedia&parent=95510"}],"wp:term":[{"taxonomy":"category","embeddable":true,"href":"https:\/\/mppee.gob.ve\/index.php?rest_route=%2Fwp%2Fv2%2Fcategories&post=95510"},{"taxonomy":"post_tag","embeddable":true,"href":"https:\/\/mppee.gob.ve\/index.php?rest_route=%2Fwp%2Fv2%2Ftags&post=95510"}],"curies":[{"name":"wp","href":"https:\/\/api.w.org\/{rel}","templated":true}]}}