{"id":95517,"date":"2025-03-17T20:56:25","date_gmt":"2025-03-17T20:56:25","guid":{"rendered":"http:\/\/mppee.gob.ve\/?p=95517"},"modified":"2025-03-17T20:56:26","modified_gmt":"2025-03-17T20:56:26","slug":"unem-certifico-a-181-tutores-laborales-de-corpoelec","status":"publish","type":"post","link":"https:\/\/mppee.gob.ve\/?p=95517","title":{"rendered":"UNEM certific\u00f3 a 181 Tutores Laborales de Corpoelec"},"content":{"rendered":"\n<p><strong>San Bernandino, Caracas.- <\/strong>Este lunes, 181 trabajadores y trabajadoras de la Corporaci\u00f3n El\u00e9ctrica Nacional (Corpoelec), recibieron certificados por culminar el Diplomado \u201cFormaci\u00f3n de Tutores Laborales para la Profesionalizaci\u00f3n en el Trabajo\u201d, auspiciado por la Universidad Nacional Experimental del Magisterio \u201cSamuel Robinson\u201d (UNEM).<\/p>\n\n\n\n<p>Desde el auditorio del Ministerio del Poder Popular para la Energ\u00eda El\u00e9ctrica (MPPEE), ubicada en San Bernardino, el viceministro de Finanzas e Inversiones en el Sector El\u00e9ctrico, Vianney Rojas Garc\u00eda, enalteci\u00f3 la labor de los participantes del diplomado, quienes de ahora en adelante son \u201cpioneros, facilitadores de esta batalla que los convierte en multiplicadores del conocimiento dentro del sector el\u00e9ctrico, espec\u00edficamente en las \u00e1reas medulares y de apoyo dentro de la Corporaci\u00f3n El\u00e9ctrica Nacional\u201d.<\/p>\n\n\n\n<p>Asimismo, calific\u00f3 la experiencia de la educaci\u00f3n dentro de la estatal el\u00e9ctrica como \u201cin\u00e9dita\u201d, que conjuga desde el trabajo la experiencia laboral acumulada en los espacios.<\/p>\n\n\n\n<p>Rojas enfatiz\u00f3 que la formaci\u00f3n y el hecho educativo tiene una importancia transcendental en las instituciones, especialmente en Corpoelec, asimismo describi\u00f3 el conocimiento como una energ\u00eda, un poder que debe trasmitirse y distribuirse a todos los trabajadores y trabajadoras.<\/p>\n\n\n\n<p>Cabe mencionar que este esfuerzo educativo fue posible gracias a la alianza estrat\u00e9gica entre Corpoelec, el Ministerio del Poder Popular para el Proceso Social del Trabajo (MPPPST) y la UNEM.<\/p>\n\n\n\n<p>El acto protocolar cont\u00f3 con la asistencia de Tania Masea, viceministra para Nuevas Fuentes y Uso Racional de la Energ\u00eda El\u00e9ctrica; Eliana Galindo, viceministra para la Articulaci\u00f3n y Participaci\u00f3n Social en el Servicio El\u00e9ctrico; Francisco Mart\u00edn, viceministro del Servicio El\u00e9ctrico; Carlos Gonz\u00e1lez, viceministro para el Desarrollo del Sector y la Industria El\u00e9ctrica, N\u00e9stor Ovalles, gerente general de Formaci\u00f3n de Corpoelec, la Rectora de la UNEM, Belkis Bigott, entre otras autoridades.<\/p>\n\n\n\n<p>Igualmente, cont\u00f3 con conexi\u00f3n v\u00eda on &#8211; line a todos los estados del pa\u00eds que formaron parte de este programa acad\u00e9mico.<\/p>\n\n\n\n<p>Corpoelec promueve la renovaci\u00f3n de las pr\u00e1cticas pedag\u00f3gicas, para fortalecer el saber-hacer productivo dentro del Sistema Nacional El\u00e9ctrico Nacional (SEN).<\/p>\n\n\n\n<p><strong>Prensa MPPEE-Corpoelec \/ Ivanova Rodr\u00edguez<\/strong><\/p>\n\n\n\n<p><\/p>\n","protected":false},"excerpt":{"rendered":"<p>San Bernandino, Caracas.- Este lunes, 181 trabajadores y trabajadoras de la Corporaci\u00f3n El\u00e9ctrica Nacional (Corpoelec), recibieron certificados por culminar el<\/p>\n","protected":false},"author":24,"featured_media":95523,"comment_status":"closed","ping_status":"closed","sticky":false,"template":"","format":"standard","meta":{"footnotes":""},"categories":[1],"tags":[2691,11,46],"class_list":["post-95517","post","type-post","status-publish","format-standard","has-post-thumbnail","hentry","category-mppee","tag-corpoelec","tag-mppee","tag-venezuela"],"_links":{"self":[{"href":"https:\/\/mppee.gob.ve\/index.php?rest_route=\/wp\/v2\/posts\/95517","targetHints":{"allow":["GET"]}}],"collection":[{"href":"https:\/\/mppee.gob.ve\/index.php?rest_route=\/wp\/v2\/posts"}],"about":[{"href":"https:\/\/mppee.gob.ve\/index.php?rest_route=\/wp\/v2\/types\/post"}],"author":[{"embeddable":true,"href":"https:\/\/mppee.gob.ve\/index.php?rest_route=\/wp\/v2\/users\/24"}],"replies":[{"embeddable":true,"href":"https:\/\/mppee.gob.ve\/index.php?rest_route=%2Fwp%2Fv2%2Fcomments&post=95517"}],"version-history":[{"count":1,"href":"https:\/\/mppee.gob.ve\/index.php?rest_route=\/wp\/v2\/posts\/95517\/revisions"}],"predecessor-version":[{"id":95518,"href":"https:\/\/mppee.gob.ve\/index.php?rest_route=\/wp\/v2\/posts\/95517\/revisions\/95518"}],"wp:featuredmedia":[{"embeddable":true,"href":"https:\/\/mppee.gob.ve\/index.php?rest_route=\/wp\/v2\/media\/95523"}],"wp:attachment":[{"href":"https:\/\/mppee.gob.ve\/index.php?rest_route=%2Fwp%2Fv2%2Fmedia&parent=95517"}],"wp:term":[{"taxonomy":"category","embeddable":true,"href":"https:\/\/mppee.gob.ve\/index.php?rest_route=%2Fwp%2Fv2%2Fcategories&post=95517"},{"taxonomy":"post_tag","embeddable":true,"href":"https:\/\/mppee.gob.ve\/index.php?rest_route=%2Fwp%2Fv2%2Ftags&post=95517"}],"curies":[{"name":"wp","href":"https:\/\/api.w.org\/{rel}","templated":true}]}}