{"id":95539,"date":"2025-03-18T17:53:30","date_gmt":"2025-03-18T17:53:30","guid":{"rendered":"http:\/\/mppee.gob.ve\/?p=95539"},"modified":"2025-03-18T18:10:40","modified_gmt":"2025-03-18T18:10:40","slug":"mejoran-alumbrado-publico-en-el-eje-fronterizo-de-tachira","status":"publish","type":"post","link":"https:\/\/mppee.gob.ve\/?p=95539","title":{"rendered":"Mejoran alumbrado p\u00fablico en el eje fronterizo de T\u00e1chira"},"content":{"rendered":"\n<p><strong>Estado T\u00e1chira.- <\/strong>A trav\u00e9s del Plan de Iluminaci\u00f3n de V\u00edas Expresas, la clase trabajadora de la Corporaci\u00f3n El\u00e9ctrica Nacional (Corpoelec), benefici\u00f3 a los\u00a0 habitantes\u00a0del eje fronterizo con el alumbrado p\u00fablico de\u00a0 las avenidas principales de acceso al municipio Pedro Mar\u00eda Ure\u00f1a del T\u00e1chira.<\/p>\n\n\n\n<p>Las labores se llevaron&nbsp;a cabo en diversas avenidas y calles de sectores populosos de la zona, donde el personal de Corpoelec tambi\u00e9n restituy\u00f3 conectores en el banco de transformadores, para asegurar el buen&nbsp;funcionamiento de la red vial fronteriza.<\/p>\n\n\n\n<p>La instalaci\u00f3n de los dispositivos se efectu\u00f3 en el barrio Emmanuel, calle 6 con carrera 9 v\u00eda La Mulata y en el sector 24 de Julio, calle 3 del casco central de Ure\u00f1a.<\/p>\n\n\n\n<p>En esta oportunidad, las cuadrillas de alumbrado p\u00fablico de la Gerencia de Distribuci\u00f3n de la estatal el\u00e9ctrica en el estado T\u00e1chira,&nbsp;conjuntamente con el equipo de la Alcald\u00eda Bolivariana de Ure\u00f1a, trabajaron en equipo, para garantizar la iluminaci\u00f3n de las v\u00edas en esa localidad, favoreciendo la seguridad de los conductores y peatones.<\/p>\n\n\n\n<p>El reemplazo de estas luminarias forma parte de las respuestas a las solicitudes recibidas a trav\u00e9s del 1\u00d710 del Buen Gobierno, demostrando el compromiso de Corpoelec en atenci\u00f3n a las necesidades de las comunidades.<\/p>\n\n\n\n<p><strong>Prensa MPPEE-Corpoelec<\/strong><\/p>\n","protected":false},"excerpt":{"rendered":"<p>Estado T\u00e1chira.- A trav\u00e9s del Plan de Iluminaci\u00f3n de V\u00edas Expresas, la clase trabajadora de la Corporaci\u00f3n El\u00e9ctrica Nacional (Corpoelec),<\/p>\n","protected":false},"author":24,"featured_media":95540,"comment_status":"closed","ping_status":"closed","sticky":false,"template":"","format":"standard","meta":{"footnotes":""},"categories":[30],"tags":[2691,11,2744,2700,46],"class_list":["post-95539","post","type-post","status-publish","format-standard","has-post-thumbnail","hentry","category-regionales","tag-corpoelec","tag-mppee","tag-sen","tag-tachira","tag-venezuela"],"_links":{"self":[{"href":"https:\/\/mppee.gob.ve\/index.php?rest_route=\/wp\/v2\/posts\/95539","targetHints":{"allow":["GET"]}}],"collection":[{"href":"https:\/\/mppee.gob.ve\/index.php?rest_route=\/wp\/v2\/posts"}],"about":[{"href":"https:\/\/mppee.gob.ve\/index.php?rest_route=\/wp\/v2\/types\/post"}],"author":[{"embeddable":true,"href":"https:\/\/mppee.gob.ve\/index.php?rest_route=\/wp\/v2\/users\/24"}],"replies":[{"embeddable":true,"href":"https:\/\/mppee.gob.ve\/index.php?rest_route=%2Fwp%2Fv2%2Fcomments&post=95539"}],"version-history":[{"count":2,"href":"https:\/\/mppee.gob.ve\/index.php?rest_route=\/wp\/v2\/posts\/95539\/revisions"}],"predecessor-version":[{"id":95542,"href":"https:\/\/mppee.gob.ve\/index.php?rest_route=\/wp\/v2\/posts\/95539\/revisions\/95542"}],"wp:featuredmedia":[{"embeddable":true,"href":"https:\/\/mppee.gob.ve\/index.php?rest_route=\/wp\/v2\/media\/95540"}],"wp:attachment":[{"href":"https:\/\/mppee.gob.ve\/index.php?rest_route=%2Fwp%2Fv2%2Fmedia&parent=95539"}],"wp:term":[{"taxonomy":"category","embeddable":true,"href":"https:\/\/mppee.gob.ve\/index.php?rest_route=%2Fwp%2Fv2%2Fcategories&post=95539"},{"taxonomy":"post_tag","embeddable":true,"href":"https:\/\/mppee.gob.ve\/index.php?rest_route=%2Fwp%2Fv2%2Ftags&post=95539"}],"curies":[{"name":"wp","href":"https:\/\/api.w.org\/{rel}","templated":true}]}}