{"id":95549,"date":"2025-03-18T19:29:09","date_gmt":"2025-03-18T19:29:09","guid":{"rendered":"http:\/\/mppee.gob.ve\/?p=95549"},"modified":"2025-03-18T19:29:11","modified_gmt":"2025-03-18T19:29:11","slug":"corpoelec-se-despliega-por-municipios-tachirenses-para-atender-a-usuarios","status":"publish","type":"post","link":"https:\/\/mppee.gob.ve\/?p=95549","title":{"rendered":"Corpoelec se despliega por municipios tachirenses para atender a usuarios"},"content":{"rendered":"\n<p><strong>Estado T\u00e1chira.-<\/strong> La clase trabajadora de la Corporaci\u00f3n El\u00e9ctrica Nacional (Corpoelec, se desplegar\u00e1 desde el mi\u00e9rcoles 19 hasta el s\u00e1bado 22 de marzo, en diecisiete municipios del estado T\u00e1chira, para atender a los usuarios y usuarias comerciales y residenciales.<\/p>\n\n\n\n<p>Durante las jornadas de atenci\u00f3n, el personal de Corpoelec brindar\u00e1 asesor\u00eda en la actualizaci\u00f3n de datos, notificaci\u00f3n de deudas, recepci\u00f3n de reclamos, verificaci\u00f3n de conexiones, asesor\u00eda de pago por Banca en L\u00ednea y pago de factura, bajo la modalidad de puntos de venta.<\/p>\n\n\n\n<p>El despliegue se efectuar\u00e1 desde los Centros de Atenci\u00f3n al Usuario (CIAU), La Fr\u00eda, Santa Ana, San Antonio, Pregonero, Ure\u00f1a, El Pi\u00f1al, La Grita, Queniquea, La Pedrera, Col\u00f3n, Delicias, Rubio, T\u00e1riba, San Crist\u00f3bal I y II, en un horario comprendido desde las 08:00 de la ma\u00f1ana hasta las 04:00 de la tarde.<\/p>\n\n\n\n<p>Los stands estar\u00e1n ubicados en los siguientes municipios.<\/p>\n\n\n\n<p>&#8211; Garc\u00eda de Hev\u00eda:\u00a0Sector Las Pavas, Casco Central y carrera 5 de La Fr\u00eda.<\/p>\n\n\n\n<p>&#8211; C\u00f3rdoba: Sector avenida, Mercado Municipal, Las Mercedes, calles 3,5 y 6 de Santa Ana.<\/p>\n\n\n\n<p>&#8211; Bol\u00edvar: La Lagunita, Barrio Ruiz Pineda y Casco Central de San Antonio.<\/p>\n\n\n\n<p>&#8211; Pedro Mar\u00eda Ure\u00f1a: Sector Las Flores, Cementerio y Centro calle 7 de Ure\u00f1a.<\/p>\n\n\n\n<p>&#8211; Uribante: Casco Central de Pregonero.<\/p>\n\n\n\n<p>&#8211; Fern\u00e1ndez Feo: Carrera 3 calles 1 y 2 del Pi\u00f1al.<\/p>\n\n\n\n<p>&#8211; Jauregu\u00ed: Sector El Surural, Llano de Zambranos y Casco Central de La Grita.<\/p>\n\n\n\n<p>&#8211; Sucre: Queniquea.<\/p>\n\n\n\n<p>&#8211; Libertador: Caser\u00edo Los Monos y Abejales.<\/p>\n\n\n\n<p>&#8211; Ayacucho: Sector Las Cruces de Caliche, Urbanizaci\u00f3n P\u00e9rez de Toloza y Casco Central de Col\u00f3n.<\/p>\n\n\n\n<p>&#8211; San Crist\u00f3bal: Sectores Cementerio, Carrera 5, Barrio Libertador, Catedral, avenida Carabobo, 5ta Avenida, Plaza Miranda y Quinimar\u00ed de San Crist\u00f3bal.<\/p>\n\n\n\n<p>&#8211; Panamericano: Sector 19 de Abril, Ca\u00f1o Amarillo y Casco Central de Coloncito.<\/p>\n\n\n\n<p>&#8211; Independencia: Zorca, Campo C y Casco Central de Capacho Nuevo.<\/p>\n\n\n\n<p>&#8211; Rafael Urdaneta: Aldea Villa P\u00e1ez, Toronjal y Casco Central de Delicias.<\/p>\n\n\n\n<p>&#8211; Jun\u00edn: Sectores La Victoria p\/b y Avenida 11 del Amparo en Rubio.<\/p>\n\n\n\n<p>&#8211; Andr\u00e9s Bello: Aldea Salom\u00f3n y Casco Central de Cordero<\/p>\n\n\n\n<p>&#8211; C\u00e1rdenas: Sector Mercado Municipal de T\u00e1riba.<\/p>\n\n\n\n<p>Para mayor informaci\u00f3n sobre las Jornadas Integrales de Atenci\u00f3n al Usuario, puede visitar la cuenta @corpoelecinfo en la red social Instagram.<\/p>\n\n\n\n<p>Prensa MPPEE-Corpoelec<\/p>\n","protected":false},"excerpt":{"rendered":"<p>Estado T\u00e1chira.- La clase trabajadora de la Corporaci\u00f3n El\u00e9ctrica Nacional (Corpoelec, se desplegar\u00e1 desde el mi\u00e9rcoles 19 hasta el s\u00e1bado<\/p>\n","protected":false},"author":24,"featured_media":93235,"comment_status":"closed","ping_status":"closed","sticky":false,"template":"","format":"standard","meta":{"footnotes":""},"categories":[30],"tags":[2691,11,2744,2700,46],"class_list":["post-95549","post","type-post","status-publish","format-standard","has-post-thumbnail","hentry","category-regionales","tag-corpoelec","tag-mppee","tag-sen","tag-tachira","tag-venezuela"],"_links":{"self":[{"href":"https:\/\/mppee.gob.ve\/index.php?rest_route=\/wp\/v2\/posts\/95549","targetHints":{"allow":["GET"]}}],"collection":[{"href":"https:\/\/mppee.gob.ve\/index.php?rest_route=\/wp\/v2\/posts"}],"about":[{"href":"https:\/\/mppee.gob.ve\/index.php?rest_route=\/wp\/v2\/types\/post"}],"author":[{"embeddable":true,"href":"https:\/\/mppee.gob.ve\/index.php?rest_route=\/wp\/v2\/users\/24"}],"replies":[{"embeddable":true,"href":"https:\/\/mppee.gob.ve\/index.php?rest_route=%2Fwp%2Fv2%2Fcomments&post=95549"}],"version-history":[{"count":1,"href":"https:\/\/mppee.gob.ve\/index.php?rest_route=\/wp\/v2\/posts\/95549\/revisions"}],"predecessor-version":[{"id":95550,"href":"https:\/\/mppee.gob.ve\/index.php?rest_route=\/wp\/v2\/posts\/95549\/revisions\/95550"}],"wp:featuredmedia":[{"embeddable":true,"href":"https:\/\/mppee.gob.ve\/index.php?rest_route=\/wp\/v2\/media\/93235"}],"wp:attachment":[{"href":"https:\/\/mppee.gob.ve\/index.php?rest_route=%2Fwp%2Fv2%2Fmedia&parent=95549"}],"wp:term":[{"taxonomy":"category","embeddable":true,"href":"https:\/\/mppee.gob.ve\/index.php?rest_route=%2Fwp%2Fv2%2Fcategories&post=95549"},{"taxonomy":"post_tag","embeddable":true,"href":"https:\/\/mppee.gob.ve\/index.php?rest_route=%2Fwp%2Fv2%2Ftags&post=95549"}],"curies":[{"name":"wp","href":"https:\/\/api.w.org\/{rel}","templated":true}]}}