{"id":95563,"date":"2025-03-19T00:16:01","date_gmt":"2025-03-19T00:16:01","guid":{"rendered":"http:\/\/mppee.gob.ve\/?p=95563"},"modified":"2025-03-19T00:17:45","modified_gmt":"2025-03-19T00:17:45","slug":"ministro-marquez-inspecciona-la-planta-termoelectrica-antonio-jose-de-sucre","status":"publish","type":"post","link":"https:\/\/mppee.gob.ve\/?p=95563","title":{"rendered":"Ministro M\u00e1rquez inspecciona la Planta Termoel\u00e9ctrica Antonio Jos\u00e9 de Sucre"},"content":{"rendered":"\n<p><strong>Estado Sucre.-<\/strong> El ministro del Poder Popular para la Energ\u00eda El\u00e9ctrica, Jorge M\u00e1rquez, recorri\u00f3 este martes las instalaciones de la Planta Termoel\u00e9ctrica Antonio Jos\u00e9 de Sucre para verificar la operatividad de estas instalaciones.<\/p>\n\n\n\n<p>Ubicada en el estado Sucre, esta Planta es fundamental para el proceso de generaci\u00f3n de energ\u00eda el\u00e9ctrica en esta regi\u00f3n del oriente del pa\u00eds.<\/p>\n\n\n\n<p>Durante su visita a la instalaci\u00f3n el\u00e9ctrica, en compa\u00f1\u00eda del presidente de la Corporaci\u00f3n El\u00e9ctrica Nacional (Corpoelec), Jos\u00e9 Luis Betancourt, el tambi\u00e9n vicepresidente sectorial de Obras P\u00fablicas y Servicios constat\u00f3 la fluidez del suministro el\u00e9ctrico, as\u00ed como la plena operatividad del lugar.<\/p>\n\n\n\n<p>En el recorrido, el titular de energ\u00eda el\u00e9ctrica comparti\u00f3 con los trabajadores y atendi\u00f3 sus propuestas relacionadas con el sector.<\/p>\n\n\n\n<p>La jornada de supervisi\u00f3n es parte del Plan Nacional de Inspecciones y Mantenimiento Integral del Sistema El\u00e9ctrico Nacional (SEN) que lidera el Gobierno Bolivariano para fortalecer los sistemas de generaci\u00f3n, transmisi\u00f3n y distribuci\u00f3n de la energ\u00eda el\u00e9ctrica en Venezuela.<\/p>\n\n\n\n<p><strong>Prensa MPPEE-Corpoelec \/ Rosiris Ortega<\/strong><\/p>\n","protected":false},"excerpt":{"rendered":"<p>Estado Sucre.- El ministro del Poder Popular para la Energ\u00eda El\u00e9ctrica, Jorge M\u00e1rquez, recorri\u00f3 este martes las instalaciones de la<\/p>\n","protected":false},"author":24,"featured_media":95564,"comment_status":"closed","ping_status":"closed","sticky":false,"template":"","format":"standard","meta":{"footnotes":""},"categories":[15,7],"tags":[2691,2763,2693,2946],"class_list":["post-95563","post","type-post","status-publish","format-standard","has-post-thumbnail","hentry","category-nacionales","category-sen","tag-corpoelec","tag-jorge-marquez","tag-sucre","tag-termoelectrica"],"_links":{"self":[{"href":"https:\/\/mppee.gob.ve\/index.php?rest_route=\/wp\/v2\/posts\/95563","targetHints":{"allow":["GET"]}}],"collection":[{"href":"https:\/\/mppee.gob.ve\/index.php?rest_route=\/wp\/v2\/posts"}],"about":[{"href":"https:\/\/mppee.gob.ve\/index.php?rest_route=\/wp\/v2\/types\/post"}],"author":[{"embeddable":true,"href":"https:\/\/mppee.gob.ve\/index.php?rest_route=\/wp\/v2\/users\/24"}],"replies":[{"embeddable":true,"href":"https:\/\/mppee.gob.ve\/index.php?rest_route=%2Fwp%2Fv2%2Fcomments&post=95563"}],"version-history":[{"count":2,"href":"https:\/\/mppee.gob.ve\/index.php?rest_route=\/wp\/v2\/posts\/95563\/revisions"}],"predecessor-version":[{"id":95566,"href":"https:\/\/mppee.gob.ve\/index.php?rest_route=\/wp\/v2\/posts\/95563\/revisions\/95566"}],"wp:featuredmedia":[{"embeddable":true,"href":"https:\/\/mppee.gob.ve\/index.php?rest_route=\/wp\/v2\/media\/95564"}],"wp:attachment":[{"href":"https:\/\/mppee.gob.ve\/index.php?rest_route=%2Fwp%2Fv2%2Fmedia&parent=95563"}],"wp:term":[{"taxonomy":"category","embeddable":true,"href":"https:\/\/mppee.gob.ve\/index.php?rest_route=%2Fwp%2Fv2%2Fcategories&post=95563"},{"taxonomy":"post_tag","embeddable":true,"href":"https:\/\/mppee.gob.ve\/index.php?rest_route=%2Fwp%2Fv2%2Ftags&post=95563"}],"curies":[{"name":"wp","href":"https:\/\/api.w.org\/{rel}","templated":true}]}}