{"id":95580,"date":"2025-03-19T15:30:21","date_gmt":"2025-03-19T15:30:21","guid":{"rendered":"http:\/\/mppee.gob.ve\/?p=95580"},"modified":"2025-03-19T15:30:22","modified_gmt":"2025-03-19T15:30:22","slug":"instalan-mesas-tecnicas-de-energia-en-caricuao","status":"publish","type":"post","link":"https:\/\/mppee.gob.ve\/?p=95580","title":{"rendered":"Instalan Mesas T\u00e9cnicas de Energ\u00eda en Caricuao"},"content":{"rendered":"\n<p><strong>Parroquia Caricuao, Caracas.- <\/strong>El Ministerio del Poder Popular para la Energ\u00eda El\u00e9ctrica (MPPEE), a trav\u00e9s de la Fundaci\u00f3n para el Desarrollo del Servicio El\u00e9ctrico (Fundelec), particip\u00f3 en la instalaci\u00f3n de Mesas T\u00e9cnicas de Energ\u00eda (MTE) y abordajes de diagn\u00f3sticos el\u00e9ctricos en la parroquia Caricuao de Caracas.<\/p>\n\n\n\n<p>Esta actividad, que se llev\u00f3 a cabo espec\u00edficamente en la comunidad Indio Caricuao, eje cinco, comuna \u00abCh\u00e1vez siempre Ch\u00e1vez\u201d, reuni\u00f3 al Poder Popular organizado quienes se sumaron activamente a la conformaci\u00f3n de esta instancia comunal.<\/p>\n\n\n\n<p>En este sentido, miembros de cinco Consejos Comunales del populoso sector caraque\u00f1o recibieron asesor\u00eda sobre la conformaci\u00f3n de las MTE, al tiempo que conocieron los objetivos t\u00e9cnicos para el abordaje de las necesidades del eje comunal.<\/p>\n\n\n\n<p>Amaranto Vargas, gerente general de Fortalecimiento del Poder Popular para el Sector El\u00e9ctrico de Fundelec, expres\u00f3 que con esta iniciativa se da un reimpulso en las pol\u00edticas p\u00fablicas de las MTE, pues se desarrolla de manera simult\u00e1nea en comunidades de todo el pa\u00eds.<\/p>\n\n\n\n<p>Por su parte, Dinora Obreg\u00f3n, habitante de la comunidad, explic\u00f3 que estas mesas de trabajo permiten revisar las necesidades y posibles soluciones de la comunidad en materia de energ\u00eda el\u00e9ctrica.<\/p>\n\n\n\n<p>De igual manera, se realiz\u00f3 un recorrido por los distintos sectores de esta localidad con el prop\u00f3sito de ejecutar trabajos de mejoras en beneficio de los habitantes de la parroquia.<\/p>\n\n\n\n<p>Para finalizar, el Poder Popular agradeci\u00f3 al Gobierno Bolivariano por el acompa\u00f1amiento y voluntad para optimizar los servicios en la zona.<\/p>\n\n\n\n<p><strong>Prensa MPPEE-Corpoelec \/ Jeimy Avenda\u00f1o<\/strong><\/p>\n","protected":false},"excerpt":{"rendered":"<p>Parroquia Caricuao, Caracas.- El Ministerio del Poder Popular para la Energ\u00eda El\u00e9ctrica (MPPEE), a trav\u00e9s de la Fundaci\u00f3n para el<\/p>\n","protected":false},"author":24,"featured_media":95581,"comment_status":"closed","ping_status":"closed","sticky":false,"template":"","format":"standard","meta":{"footnotes":""},"categories":[1],"tags":[111,2691,11,2744,46],"class_list":["post-95580","post","type-post","status-publish","format-standard","has-post-thumbnail","hentry","category-mppee","tag-caracas","tag-corpoelec","tag-mppee","tag-sen","tag-venezuela"],"_links":{"self":[{"href":"https:\/\/mppee.gob.ve\/index.php?rest_route=\/wp\/v2\/posts\/95580","targetHints":{"allow":["GET"]}}],"collection":[{"href":"https:\/\/mppee.gob.ve\/index.php?rest_route=\/wp\/v2\/posts"}],"about":[{"href":"https:\/\/mppee.gob.ve\/index.php?rest_route=\/wp\/v2\/types\/post"}],"author":[{"embeddable":true,"href":"https:\/\/mppee.gob.ve\/index.php?rest_route=\/wp\/v2\/users\/24"}],"replies":[{"embeddable":true,"href":"https:\/\/mppee.gob.ve\/index.php?rest_route=%2Fwp%2Fv2%2Fcomments&post=95580"}],"version-history":[{"count":1,"href":"https:\/\/mppee.gob.ve\/index.php?rest_route=\/wp\/v2\/posts\/95580\/revisions"}],"predecessor-version":[{"id":95582,"href":"https:\/\/mppee.gob.ve\/index.php?rest_route=\/wp\/v2\/posts\/95580\/revisions\/95582"}],"wp:featuredmedia":[{"embeddable":true,"href":"https:\/\/mppee.gob.ve\/index.php?rest_route=\/wp\/v2\/media\/95581"}],"wp:attachment":[{"href":"https:\/\/mppee.gob.ve\/index.php?rest_route=%2Fwp%2Fv2%2Fmedia&parent=95580"}],"wp:term":[{"taxonomy":"category","embeddable":true,"href":"https:\/\/mppee.gob.ve\/index.php?rest_route=%2Fwp%2Fv2%2Fcategories&post=95580"},{"taxonomy":"post_tag","embeddable":true,"href":"https:\/\/mppee.gob.ve\/index.php?rest_route=%2Fwp%2Fv2%2Ftags&post=95580"}],"curies":[{"name":"wp","href":"https:\/\/api.w.org\/{rel}","templated":true}]}}