{"id":95663,"date":"2025-03-21T15:58:02","date_gmt":"2025-03-21T15:58:02","guid":{"rendered":"http:\/\/mppee.gob.ve\/?p=95663"},"modified":"2025-03-21T16:09:46","modified_gmt":"2025-03-21T16:09:46","slug":"jornadas-de-atencion-al-usuario-se-desplegaran-en-guarico","status":"publish","type":"post","link":"https:\/\/mppee.gob.ve\/?p=95663","title":{"rendered":"Jornadas de Atenci\u00f3n al Usuario se desplegar\u00e1n en Gu\u00e1rico"},"content":{"rendered":"\n<p><strong>Estado Gu\u00e1rico.-<\/strong> En aras de ofrecer la asesor\u00eda en tr\u00e1mites relacionados con el servicio el\u00e9ctrico, este viernes 21 y s\u00e1bado 22 de marzo, la Corporaci\u00f3n El\u00e9ctrica Nacional (Corpoelec), desplegar\u00e1 jornadas a trav\u00e9s de los Centros Integrales Atenci\u00f3n al Usuario (CIAU) del estado Gu\u00e1rico.<\/p>\n\n\n\n<p>Durante la jornada, que se llevar\u00e1 a cabo en el municipio Leonardo Infante, los usuarios contar\u00e1n con atenci\u00f3n integral personalizada para actualizar datos en el sistema, recibir notificaciones de deuda y realizar el pago de sus facturas.<\/p>\n\n\n\n<p>El viernes 21 de marzo, el despliegue se efectuar\u00e1 en un horario comprendido desde las 4:30 de la tarde hasta las 09:00 de la noche, en las urbanizaciones Vipedi I y II de la parroquia Valle de la Pascua.<\/p>\n\n\n\n<p>Mientras que, el s\u00e1bado 22 atender\u00e1n desde las 09:00 de la ma\u00f1ana\u00a0hasta las 02:00 de la tarde, en la urbanizaci\u00f3n La Arboleda.<\/p>\n\n\n\n<p>Es importante destacar que el \u00fanico m\u00e9todo de pago autorizado ser\u00e1 punto de venta.<\/p>\n\n\n\n<p>Para mayor informaci\u00f3n sobre las Jornadas Integrales de Atenci\u00f3n al Usuario, puede visitar la cuenta @corpoelecinfo en la red social Instagram.<\/p>\n\n\n\n<p><strong>Prensa MPPEE-Corpoelec<\/strong><\/p>\n","protected":false},"excerpt":{"rendered":"<p>Estado Gu\u00e1rico.- En aras de ofrecer la asesor\u00eda en tr\u00e1mites relacionados con el servicio el\u00e9ctrico, este viernes 21 y s\u00e1bado<\/p>\n","protected":false},"author":24,"featured_media":93235,"comment_status":"closed","ping_status":"closed","sticky":false,"template":"","format":"standard","meta":{"footnotes":""},"categories":[30],"tags":[2691,2729,11,2744,46],"class_list":["post-95663","post","type-post","status-publish","format-standard","has-post-thumbnail","hentry","category-regionales","tag-corpoelec","tag-guarico","tag-mppee","tag-sen","tag-venezuela"],"_links":{"self":[{"href":"https:\/\/mppee.gob.ve\/index.php?rest_route=\/wp\/v2\/posts\/95663","targetHints":{"allow":["GET"]}}],"collection":[{"href":"https:\/\/mppee.gob.ve\/index.php?rest_route=\/wp\/v2\/posts"}],"about":[{"href":"https:\/\/mppee.gob.ve\/index.php?rest_route=\/wp\/v2\/types\/post"}],"author":[{"embeddable":true,"href":"https:\/\/mppee.gob.ve\/index.php?rest_route=\/wp\/v2\/users\/24"}],"replies":[{"embeddable":true,"href":"https:\/\/mppee.gob.ve\/index.php?rest_route=%2Fwp%2Fv2%2Fcomments&post=95663"}],"version-history":[{"count":2,"href":"https:\/\/mppee.gob.ve\/index.php?rest_route=\/wp\/v2\/posts\/95663\/revisions"}],"predecessor-version":[{"id":95665,"href":"https:\/\/mppee.gob.ve\/index.php?rest_route=\/wp\/v2\/posts\/95663\/revisions\/95665"}],"wp:featuredmedia":[{"embeddable":true,"href":"https:\/\/mppee.gob.ve\/index.php?rest_route=\/wp\/v2\/media\/93235"}],"wp:attachment":[{"href":"https:\/\/mppee.gob.ve\/index.php?rest_route=%2Fwp%2Fv2%2Fmedia&parent=95663"}],"wp:term":[{"taxonomy":"category","embeddable":true,"href":"https:\/\/mppee.gob.ve\/index.php?rest_route=%2Fwp%2Fv2%2Fcategories&post=95663"},{"taxonomy":"post_tag","embeddable":true,"href":"https:\/\/mppee.gob.ve\/index.php?rest_route=%2Fwp%2Fv2%2Ftags&post=95663"}],"curies":[{"name":"wp","href":"https:\/\/api.w.org\/{rel}","templated":true}]}}