{"id":95680,"date":"2025-03-21T20:54:02","date_gmt":"2025-03-21T20:54:02","guid":{"rendered":"http:\/\/mppee.gob.ve\/?p=95680"},"modified":"2025-03-21T20:54:05","modified_gmt":"2025-03-21T20:54:05","slug":"jornadas-integrales-atenderan-a-usuarios-apurenos","status":"publish","type":"post","link":"https:\/\/mppee.gob.ve\/?p=95680","title":{"rendered":"Jornadas integrales atender\u00e1n a usuarios apure\u00f1os"},"content":{"rendered":"\n<p><strong>Estado Apure.-<\/strong> La Corporaci\u00f3n El\u00e9ctrica Nacional (Corpoelec) llevar\u00e1 a cabo este s\u00e1bado 22 de marzo, Jornadas Integrales de Atenci\u00f3n al Usuario en seis parroquias del estado Apure.<\/p>\n\n\n\n<p>Los trabajadores se desplegar\u00e1n para brindar asesoramiento en materia de energ\u00eda el\u00e9ctrica para realizar pago de factura, notificaci\u00f3n de deuda, actualizaci\u00f3n de datos y captaci\u00f3n de nuevos suscriptores, en un horario comprendido desde las 8:00 de la ma\u00f1ana hasta las 2:00 de la tarde.<\/p>\n\n\n\n<p>&nbsp; A continuaci\u00f3n, se detalla la ubicaci\u00f3n de los stands que estar\u00e1n disponibles:&nbsp;<\/p>\n\n\n\n<p>&nbsp;&#8211; Urbanizaci\u00f3n Seraf\u00edn Cede\u00f1o, parroquia San Fernando, municipio San Fernando.<\/p>\n\n\n\n<p>&#8211; Urbanizaci\u00f3n La Trinidad, parroquia San Fernando, municipio San Fernando.&nbsp;<\/p>\n\n\n\n<p>&#8211; Urbanizaci\u00f3n El Nazareno, parroquia Achaguas, municipio Achaguas.&nbsp;<\/p>\n\n\n\n<p>&#8211; Avenida T\u00e1chira, parroquia Mantecal, municipio Mu\u00f1oz.<\/p>\n\n\n\n<p>&#8211; Sector Las Manzanitas, parroquia Elorza, municipio R\u00f3mulo Gallegos.&nbsp;<\/p>\n\n\n\n<p>&#8211; Carrera P\u00e1ez, parroquia Guasdualito, municipio P\u00e1ez.&nbsp;<\/p>\n\n\n\n<p>&#8211; Calle Mari\u00f1o, urbanizaci\u00f3n Las Palmas, parroquia San Camilo, municipio P\u00e1ez.<\/p>\n\n\n\n<p>Para mayor informaci\u00f3n sobre las Jornadas Integrales de Atenci\u00f3n al Usuario, pueden visitar la cuenta @corpoelecinfo en la red social Instagram.<\/p>\n\n\n\n<p><strong>Prensa MPPEE-Corpoelec<\/strong><\/p>\n\n\n\n<p><\/p>\n","protected":false},"excerpt":{"rendered":"<p>Estado Apure.- La Corporaci\u00f3n El\u00e9ctrica Nacional (Corpoelec) llevar\u00e1 a cabo este s\u00e1bado 22 de marzo, Jornadas Integrales de Atenci\u00f3n al<\/p>\n","protected":false},"author":24,"featured_media":93735,"comment_status":"closed","ping_status":"closed","sticky":false,"template":"","format":"standard","meta":{"footnotes":""},"categories":[30],"tags":[2722,2691,11,2744,46],"class_list":["post-95680","post","type-post","status-publish","format-standard","has-post-thumbnail","hentry","category-regionales","tag-apure","tag-corpoelec","tag-mppee","tag-sen","tag-venezuela"],"_links":{"self":[{"href":"https:\/\/mppee.gob.ve\/index.php?rest_route=\/wp\/v2\/posts\/95680","targetHints":{"allow":["GET"]}}],"collection":[{"href":"https:\/\/mppee.gob.ve\/index.php?rest_route=\/wp\/v2\/posts"}],"about":[{"href":"https:\/\/mppee.gob.ve\/index.php?rest_route=\/wp\/v2\/types\/post"}],"author":[{"embeddable":true,"href":"https:\/\/mppee.gob.ve\/index.php?rest_route=\/wp\/v2\/users\/24"}],"replies":[{"embeddable":true,"href":"https:\/\/mppee.gob.ve\/index.php?rest_route=%2Fwp%2Fv2%2Fcomments&post=95680"}],"version-history":[{"count":1,"href":"https:\/\/mppee.gob.ve\/index.php?rest_route=\/wp\/v2\/posts\/95680\/revisions"}],"predecessor-version":[{"id":95681,"href":"https:\/\/mppee.gob.ve\/index.php?rest_route=\/wp\/v2\/posts\/95680\/revisions\/95681"}],"wp:featuredmedia":[{"embeddable":true,"href":"https:\/\/mppee.gob.ve\/index.php?rest_route=\/wp\/v2\/media\/93735"}],"wp:attachment":[{"href":"https:\/\/mppee.gob.ve\/index.php?rest_route=%2Fwp%2Fv2%2Fmedia&parent=95680"}],"wp:term":[{"taxonomy":"category","embeddable":true,"href":"https:\/\/mppee.gob.ve\/index.php?rest_route=%2Fwp%2Fv2%2Fcategories&post=95680"},{"taxonomy":"post_tag","embeddable":true,"href":"https:\/\/mppee.gob.ve\/index.php?rest_route=%2Fwp%2Fv2%2Ftags&post=95680"}],"curies":[{"name":"wp","href":"https:\/\/api.w.org\/{rel}","templated":true}]}}