{"id":95693,"date":"2025-03-22T21:37:58","date_gmt":"2025-03-22T21:37:58","guid":{"rendered":"http:\/\/mppee.gob.ve\/?p=95693"},"modified":"2025-03-22T21:37:59","modified_gmt":"2025-03-22T21:37:59","slug":"inaugurada-planta-de-recuperacion-de-transformadores-en-falcon","status":"publish","type":"post","link":"https:\/\/mppee.gob.ve\/?p=95693","title":{"rendered":"Inaugurada planta de recuperaci\u00f3n de transformadores en Falc\u00f3n"},"content":{"rendered":"\n<p><strong>Coro, estado Falc\u00f3n.-<\/strong> Como parte de los avances que impulsa el Gobierno Bolivariano para fortalecer el Sistema El\u00e9ctrico Nacional (SEN), el ministro del Poder Popular para a la Energ\u00eda El\u00e9ctrica, Jorge M\u00e1rquez, inaugur\u00f3 este s\u00e1bado la Planta de Recuperaci\u00f3n de Trasformadores Al\u00ed Primera, ubicada en la ciudad de Coro, estado Falc\u00f3n.<\/p>\n\n\n\n<p>Esta sede permitir\u00e1 rehabilitar un total de 2 mil 760 transformadores anuales, lo que equivale a una capacidad operativa de 230 transformadores mensuales, para su posterior sustituci\u00f3n y reinstalaci\u00f3n en los diferentes puntos de distribuci\u00f3n de energ\u00eda del territorio nacional.<\/p>\n\n\n\n<p>A su llegada a la Planta de Recuperaci\u00f3n de Trasformadores Al\u00ed Primera, el tambi\u00e9n Vicepresidente sectorial de Obras P\u00fablicos y Servicios, salud\u00f3 a cada uno de los 35 trabajadores que con profesionalismo y compromiso garantizan la operatividad de esta nueva sede, al tiempo que inst\u00f3 a seguir sumando esfuerzos para fortalecer el servicio el\u00e9ctrico en el pa\u00eds.<\/p>\n\n\n\n<p>\u201cVamos a seguir trabajando, conf\u00edo en ustedes, ustedes conf\u00eden tambi\u00e9n en m\u00ed y en nuestro presidente Nicol\u00e1s Maduro. Vamos a seguir fortaleciendo el sector para seguir avanzando: Lo sigo diciendo, no me cansar\u00e9 de decirlo, vamos a recuperar esta Corporaci\u00f3n y nos espera un bonito futuro\u201d, enfatiz\u00f3 M\u00e1rquez.<\/p>\n\n\n\n<p>El presidente de la Rep\u00fablica, Nicol\u00e1s Maduro, ha exaltado el papel de la clase obrera del sector el\u00e9ctrico en la ejecuci\u00f3n de las labores que garantizan el servicio de electricidad en todo el pa\u00eds, as\u00ed como la capacidad de respuesta en tiempo r\u00e9cord ante los constantes ataques al SEN.<\/p>\n\n\n\n<p>Asimismo, ha impulsado planes y estrategias para proteger y preservar las instalaciones el\u00e9ctricas, como parte de pol\u00edticas que permiten fortalecer el servicio que se le brinda a la poblaci\u00f3n venezolana.<\/p>\n\n\n\n<p><strong>Prensa MPPEE-Corpoelec\/Karla Cotoret<\/strong><\/p>\n","protected":false},"excerpt":{"rendered":"<p>Coro, estado Falc\u00f3n.- Como parte de los avances que impulsa el Gobierno Bolivariano para fortalecer el Sistema El\u00e9ctrico Nacional (SEN),<\/p>\n","protected":false},"author":22,"featured_media":95694,"comment_status":"closed","ping_status":"closed","sticky":false,"template":"","format":"standard","meta":{"footnotes":""},"categories":[1],"tags":[],"class_list":["post-95693","post","type-post","status-publish","format-standard","has-post-thumbnail","hentry","category-mppee"],"_links":{"self":[{"href":"https:\/\/mppee.gob.ve\/index.php?rest_route=\/wp\/v2\/posts\/95693","targetHints":{"allow":["GET"]}}],"collection":[{"href":"https:\/\/mppee.gob.ve\/index.php?rest_route=\/wp\/v2\/posts"}],"about":[{"href":"https:\/\/mppee.gob.ve\/index.php?rest_route=\/wp\/v2\/types\/post"}],"author":[{"embeddable":true,"href":"https:\/\/mppee.gob.ve\/index.php?rest_route=\/wp\/v2\/users\/22"}],"replies":[{"embeddable":true,"href":"https:\/\/mppee.gob.ve\/index.php?rest_route=%2Fwp%2Fv2%2Fcomments&post=95693"}],"version-history":[{"count":1,"href":"https:\/\/mppee.gob.ve\/index.php?rest_route=\/wp\/v2\/posts\/95693\/revisions"}],"predecessor-version":[{"id":95695,"href":"https:\/\/mppee.gob.ve\/index.php?rest_route=\/wp\/v2\/posts\/95693\/revisions\/95695"}],"wp:featuredmedia":[{"embeddable":true,"href":"https:\/\/mppee.gob.ve\/index.php?rest_route=\/wp\/v2\/media\/95694"}],"wp:attachment":[{"href":"https:\/\/mppee.gob.ve\/index.php?rest_route=%2Fwp%2Fv2%2Fmedia&parent=95693"}],"wp:term":[{"taxonomy":"category","embeddable":true,"href":"https:\/\/mppee.gob.ve\/index.php?rest_route=%2Fwp%2Fv2%2Fcategories&post=95693"},{"taxonomy":"post_tag","embeddable":true,"href":"https:\/\/mppee.gob.ve\/index.php?rest_route=%2Fwp%2Fv2%2Ftags&post=95693"}],"curies":[{"name":"wp","href":"https:\/\/api.w.org\/{rel}","templated":true}]}}