{"id":95707,"date":"2025-03-24T13:43:17","date_gmt":"2025-03-24T13:43:17","guid":{"rendered":"http:\/\/mppee.gob.ve\/?p=95707"},"modified":"2025-03-24T13:43:19","modified_gmt":"2025-03-24T13:43:19","slug":"corpoelec-se-despliega-por-municipios-araguenos-para-atender-a-usuarios-4","status":"publish","type":"post","link":"https:\/\/mppee.gob.ve\/?p=95707","title":{"rendered":"Corpoelec se despliega por municipios arag\u00fce\u00f1os para atender a usuarios"},"content":{"rendered":"\n<p><strong>Estado Aragua.- <\/strong>La clase trabajadora de la Corporaci\u00f3n El\u00e9ctrica Nacional (Corpoelec) adscritos a la Gerencia de Comercializaci\u00f3n, se desplegar\u00e1 desde este lunes 24 hasta el s\u00e1bado 29 de marzo, en Jornadas Integrales de Atenci\u00f3n al Usuario, en tres municipios del estado Aragua.<\/p>\n\n\n\n<p>Los trabajadores de la estatal el\u00e9ctrica ofrecer\u00e1n asesoramiento en la actualizaci\u00f3n de datos, notificaci\u00f3n de deuda, recepci\u00f3n de reclamos, verificaci\u00f3n de conexiones, asesor\u00eda de pago por Banca en L\u00ednea y pago de factura, bajo la modalidad de puntos de venta.<\/p>\n\n\n\n<p>La atenci\u00f3n se realizar\u00e1 desde las 09:00 de la ma\u00f1ana hasta las 2:00 de la tarde.<\/p>\n\n\n\n<p>Los puntos de atenci\u00f3n al usuario estar\u00e1n ubicados en:<br><br>&#8211; Lunes 24 de marzo: Avenida Mari\u00f1o, desde la Constituci\u00f3n hasta la avenida Aragua, toda la principal, municipio Girardot.<br><br>&#8211; Martes 25 de marzo: 23 de Enero, avenida C\u00e1ceres de Arismendi, municipio Girardot.<br><br>&#8211; Mi\u00e9rcoles 26 de marzo: La Victoria, sector Las Mercedes, Centro Comercial Victoria avenida 1, municipio Jos\u00e9 F\u00e9lix Ribas.<br><br>&#8211; Jueves 27 de marzo: La Victoria, sector centro, calle Carabobo, Centro Comercial Victoria Center III, municipio Jos\u00e9 F\u00e9lix Ribas.<br><br>&#8211; Viernes 28 de marzo: Cagua, plaza sucre, Casco Central, municipio Sucre.<\/p>\n\n\n\n<p>&#8211; S\u00e1bado 29 de marzo: Cagua, plaza sucre, Casco Central, municipio Sucre.<\/p>\n\n\n\n<p>Para mayor informaci\u00f3n sobre las Jornadas Integrales de Atenci\u00f3n al Usuario, pueden visitar la cuenta @corpoelecinfo en la red social Instagram.<\/p>\n\n\n\n<p><strong>Prensa MPPEE-Corpoelec<\/strong><\/p>\n","protected":false},"excerpt":{"rendered":"<p>Estado Aragua.- La clase trabajadora de la Corporaci\u00f3n El\u00e9ctrica Nacional (Corpoelec) adscritos a la Gerencia de Comercializaci\u00f3n, se desplegar\u00e1 desde<\/p>\n","protected":false},"author":24,"featured_media":93747,"comment_status":"closed","ping_status":"closed","sticky":false,"template":"","format":"standard","meta":{"footnotes":""},"categories":[30],"tags":[2708,2691,11,2744,46],"class_list":["post-95707","post","type-post","status-publish","format-standard","has-post-thumbnail","hentry","category-regionales","tag-aragua","tag-corpoelec","tag-mppee","tag-sen","tag-venezuela"],"_links":{"self":[{"href":"https:\/\/mppee.gob.ve\/index.php?rest_route=\/wp\/v2\/posts\/95707","targetHints":{"allow":["GET"]}}],"collection":[{"href":"https:\/\/mppee.gob.ve\/index.php?rest_route=\/wp\/v2\/posts"}],"about":[{"href":"https:\/\/mppee.gob.ve\/index.php?rest_route=\/wp\/v2\/types\/post"}],"author":[{"embeddable":true,"href":"https:\/\/mppee.gob.ve\/index.php?rest_route=\/wp\/v2\/users\/24"}],"replies":[{"embeddable":true,"href":"https:\/\/mppee.gob.ve\/index.php?rest_route=%2Fwp%2Fv2%2Fcomments&post=95707"}],"version-history":[{"count":1,"href":"https:\/\/mppee.gob.ve\/index.php?rest_route=\/wp\/v2\/posts\/95707\/revisions"}],"predecessor-version":[{"id":95708,"href":"https:\/\/mppee.gob.ve\/index.php?rest_route=\/wp\/v2\/posts\/95707\/revisions\/95708"}],"wp:featuredmedia":[{"embeddable":true,"href":"https:\/\/mppee.gob.ve\/index.php?rest_route=\/wp\/v2\/media\/93747"}],"wp:attachment":[{"href":"https:\/\/mppee.gob.ve\/index.php?rest_route=%2Fwp%2Fv2%2Fmedia&parent=95707"}],"wp:term":[{"taxonomy":"category","embeddable":true,"href":"https:\/\/mppee.gob.ve\/index.php?rest_route=%2Fwp%2Fv2%2Fcategories&post=95707"},{"taxonomy":"post_tag","embeddable":true,"href":"https:\/\/mppee.gob.ve\/index.php?rest_route=%2Fwp%2Fv2%2Ftags&post=95707"}],"curies":[{"name":"wp","href":"https:\/\/api.w.org\/{rel}","templated":true}]}}